{"id":1200,"date":"2015-05-24T21:45:16","date_gmt":"2015-05-24T20:45:16","guid":{"rendered":"https:\/\/plein-jour.eu\/wordpress\/?p=1200"},"modified":"2020-10-26T21:54:47","modified_gmt":"2020-10-26T20:54:47","slug":"exclu-parce-que-jai-aime-de-pierre-galesne","status":"publish","type":"post","link":"https:\/\/plein-jour.eu\/wordpress\/exclu-parce-que-jai-aime-de-pierre-galesne\/","title":{"rendered":"\u00ab\u00a0Exclu parce que j\u2019ai aim\u00e9\u00a0\u00bb de Pierre Galesne"},"content":{"rendered":"<p><a href=\"https:\/\/plein-jour.eu\/wordpress\/wp-content\/uploads\/2020\/10\/pierre-galesne-exclu-parce-que-jai-aime.jpg\" data-rel=\"lightbox-gallery-ZesfxT39\" data-rl_title=\"\" data-rl_caption=\"\" title=\"\"><img loading=\"lazy\" decoding=\"async\" class=\"alignleft size-medium wp-image-1201\" src=\"https:\/\/plein-jour.eu\/wordpress\/wp-content\/uploads\/2020\/10\/pierre-galesne-exclu-parce-que-jai-aime-189x300.jpg\" alt=\"\" width=\"189\" height=\"300\" srcset=\"https:\/\/plein-jour.eu\/wordpress\/wp-content\/uploads\/2020\/10\/pierre-galesne-exclu-parce-que-jai-aime-189x300.jpg 189w, https:\/\/plein-jour.eu\/wordpress\/wp-content\/uploads\/2020\/10\/pierre-galesne-exclu-parce-que-jai-aime.jpg 421w\" sizes=\"auto, (max-width: 189px) 100vw, 189px\" \/><\/a>\u00ab\u00a0Quelquefois, j\u2019essaie de me repr\u00e9senter ce que serait ma vie si j\u2019\u00e9tais rest\u00e9 dans le clerg\u00e9. J\u2019aurais abandonn\u00e9\u00a0 ma femme et mon enfant. Je serais cur\u00e9 de paroisse. Loin d\u2019ici probablement. Je crois qu\u2019on m\u2019aurait \u00e9teint. Je serais un pr\u00eatre mal dans sa peau, comme tant d\u2019autres. Epouser Danielle, c\u2019\u00e9tait renoncer \u00e0 la mission qu\u2019on m\u2019avait confi\u00e9e. Mais \u00e0 travers ma femme, j\u2019ai rencontr\u00e9 la vie. Et s\u2019il y a bien un cadeau que Dieu m\u2019a fait, c\u2019est bien celui-l\u00e0.\u00a0\u00bb<\/p>\n<p>Pierre Galesne est rentr\u00e9 au Petit S\u00e9minaire du dioc\u00e8se de Rennes en 1949. Il avait 13 ans. Il s\u2019est mari\u00e9 \u00e0 33 ans. Depuis, la moiti\u00e9 des pr\u00eatres ordonn\u00e9s avec lui, ont \u00e9t\u00e9 \u00e0 leur tour, exclus parce qu\u2019ils ont aim\u00e9.<\/p>\n<p>&nbsp;<\/p>","protected":false},"excerpt":{"rendered":"<p>\u00ab\u00a0Quelquefois, j\u2019essaie de me repr\u00e9senter ce que serait ma vie &hellip; <\/p>","protected":false},"author":1,"featured_media":0,"comment_status":"closed","ping_status":"closed","sticky":false,"template":"","format":"standard","meta":{"_jetpack_memberships_contains_paid_content":false,"footnotes":""},"categories":[2],"tags":[],"class_list":["post-1200","post","type-post","status-publish","format-standard","hentry","category-bibliographie"],"yoast_head":"<!-- This site is optimized with the Yoast SEO plugin v27.5 - https:\/\/yoast.com\/product\/yoast-seo-wordpress\/ -->\n<title>&quot;Exclu parce que j\u2019ai aim\u00e9&quot; de Pierre Galesne - PLEIN JOUR - Libres d&#039;aimer<\/title>\n<meta name=\"robots\" content=\"index, follow, max-snippet:-1, max-image-preview:large, max-video-preview:-1\" \/>\n<link rel=\"canonical\" href=\"https:\/\/plein-jour.eu\/wordpress\/exclu-parce-que-jai-aime-de-pierre-galesne\/\" \/>\n<meta property=\"og:locale\" content=\"fr_FR\" \/>\n<meta property=\"og:type\" content=\"article\" \/>\n<meta property=\"og:title\" content=\"&quot;Exclu parce que j\u2019ai aim\u00e9&quot; de Pierre Galesne - PLEIN JOUR - Libres d&#039;aimer\" \/>\n<meta property=\"og:description\" content=\"\u00ab\u00a0Quelquefois, j\u2019essaie de me repr\u00e9senter ce que serait ma vie &hellip;\" \/>\n<meta property=\"og:url\" content=\"https:\/\/plein-jour.eu\/wordpress\/exclu-parce-que-jai-aime-de-pierre-galesne\/\" \/>\n<meta property=\"og:site_name\" content=\"PLEIN JOUR - Libres d&#039;aimer\" \/>\n<meta property=\"article:published_time\" content=\"2015-05-24T20:45:16+00:00\" \/>\n<meta property=\"article:modified_time\" content=\"2020-10-26T20:54:47+00:00\" \/>\n<meta property=\"og:image\" content=\"https:\/\/plein-jour.eu\/wordpress\/wp-content\/uploads\/2020\/10\/pierre-galesne-exclu-parce-que-jai-aime-189x300.jpg\" \/>\n<meta name=\"author\" content=\"Plein Jour\" \/>\n<meta name=\"twitter:card\" content=\"summary_large_image\" \/>\n<meta name=\"twitter:label1\" content=\"\u00c9crit par\" \/>\n\t<meta name=\"twitter:data1\" content=\"Plein Jour\" \/>\n\t<meta name=\"twitter:label2\" content=\"Dur\u00e9e de lecture estim\u00e9e\" \/>\n\t<meta name=\"twitter:data2\" content=\"1 minute\" \/>\n<script type=\"application\/ld+json\" class=\"yoast-schema-graph\">{\"@context\":\"https:\\\/\\\/schema.org\",\"@graph\":[{\"@type\":\"Article\",\"@id\":\"https:\\\/\\\/plein-jour.eu\\\/wordpress\\\/exclu-parce-que-jai-aime-de-pierre-galesne\\\/#article\",\"isPartOf\":{\"@id\":\"https:\\\/\\\/plein-jour.eu\\\/wordpress\\\/exclu-parce-que-jai-aime-de-pierre-galesne\\\/\"},\"author\":{\"name\":\"Plein Jour\",\"@id\":\"https:\\\/\\\/plein-jour.eu\\\/wordpress\\\/#\\\/schema\\\/person\\\/08786bf6936190834e41dbb642a8ec2d\"},\"headline\":\"\u00ab\u00a0Exclu parce que j\u2019ai aim\u00e9\u00a0\u00bb de Pierre Galesne\",\"datePublished\":\"2015-05-24T20:45:16+00:00\",\"dateModified\":\"2020-10-26T20:54:47+00:00\",\"mainEntityOfPage\":{\"@id\":\"https:\\\/\\\/plein-jour.eu\\\/wordpress\\\/exclu-parce-que-jai-aime-de-pierre-galesne\\\/\"},\"wordCount\":147,\"publisher\":{\"@id\":\"https:\\\/\\\/plein-jour.eu\\\/wordpress\\\/#organization\"},\"image\":{\"@id\":\"https:\\\/\\\/plein-jour.eu\\\/wordpress\\\/exclu-parce-que-jai-aime-de-pierre-galesne\\\/#primaryimage\"},\"thumbnailUrl\":\"https:\\\/\\\/plein-jour.eu\\\/wordpress\\\/wp-content\\\/uploads\\\/2020\\\/10\\\/pierre-galesne-exclu-parce-que-jai-aime-189x300.jpg\",\"articleSection\":[\"Nous avons lu\"],\"inLanguage\":\"fr-FR\"},{\"@type\":\"WebPage\",\"@id\":\"https:\\\/\\\/plein-jour.eu\\\/wordpress\\\/exclu-parce-que-jai-aime-de-pierre-galesne\\\/\",\"url\":\"https:\\\/\\\/plein-jour.eu\\\/wordpress\\\/exclu-parce-que-jai-aime-de-pierre-galesne\\\/\",\"name\":\"\\\"Exclu parce que j\u2019ai aim\u00e9\\\" de Pierre Galesne - PLEIN JOUR - Libres d&#039;aimer\",\"isPartOf\":{\"@id\":\"https:\\\/\\\/plein-jour.eu\\\/wordpress\\\/#website\"},\"primaryImageOfPage\":{\"@id\":\"https:\\\/\\\/plein-jour.eu\\\/wordpress\\\/exclu-parce-que-jai-aime-de-pierre-galesne\\\/#primaryimage\"},\"image\":{\"@id\":\"https:\\\/\\\/plein-jour.eu\\\/wordpress\\\/exclu-parce-que-jai-aime-de-pierre-galesne\\\/#primaryimage\"},\"thumbnailUrl\":\"https:\\\/\\\/plein-jour.eu\\\/wordpress\\\/wp-content\\\/uploads\\\/2020\\\/10\\\/pierre-galesne-exclu-parce-que-jai-aime-189x300.jpg\",\"datePublished\":\"2015-05-24T20:45:16+00:00\",\"dateModified\":\"2020-10-26T20:54:47+00:00\",\"breadcrumb\":{\"@id\":\"https:\\\/\\\/plein-jour.eu\\\/wordpress\\\/exclu-parce-que-jai-aime-de-pierre-galesne\\\/#breadcrumb\"},\"inLanguage\":\"fr-FR\",\"potentialAction\":[{\"@type\":\"ReadAction\",\"target\":[\"https:\\\/\\\/plein-jour.eu\\\/wordpress\\\/exclu-parce-que-jai-aime-de-pierre-galesne\\\/\"]}]},{\"@type\":\"ImageObject\",\"inLanguage\":\"fr-FR\",\"@id\":\"https:\\\/\\\/plein-jour.eu\\\/wordpress\\\/exclu-parce-que-jai-aime-de-pierre-galesne\\\/#primaryimage\",\"url\":\"https:\\\/\\\/plein-jour.eu\\\/wordpress\\\/wp-content\\\/uploads\\\/2020\\\/10\\\/pierre-galesne-exclu-parce-que-jai-aime.jpg\",\"contentUrl\":\"https:\\\/\\\/plein-jour.eu\\\/wordpress\\\/wp-content\\\/uploads\\\/2020\\\/10\\\/pierre-galesne-exclu-parce-que-jai-aime.jpg\",\"width\":421,\"height\":670},{\"@type\":\"BreadcrumbList\",\"@id\":\"https:\\\/\\\/plein-jour.eu\\\/wordpress\\\/exclu-parce-que-jai-aime-de-pierre-galesne\\\/#breadcrumb\",\"itemListElement\":[{\"@type\":\"ListItem\",\"position\":1,\"name\":\"Accueil\",\"item\":\"https:\\\/\\\/plein-jour.eu\\\/wordpress\\\/\"},{\"@type\":\"ListItem\",\"position\":2,\"name\":\"\u00ab\u00a0Exclu parce que j\u2019ai aim\u00e9\u00a0\u00bb de Pierre Galesne\"}]},{\"@type\":\"WebSite\",\"@id\":\"https:\\\/\\\/plein-jour.eu\\\/wordpress\\\/#website\",\"url\":\"https:\\\/\\\/plein-jour.eu\\\/wordpress\\\/\",\"name\":\"Association Plein Jour\",\"description\":\"Association de soutien pour les compagnes de Pr\u00eatres - A votre \u00e9coute au 06 84 59 06 01\",\"publisher\":{\"@id\":\"https:\\\/\\\/plein-jour.eu\\\/wordpress\\\/#organization\"},\"potentialAction\":[{\"@type\":\"SearchAction\",\"target\":{\"@type\":\"EntryPoint\",\"urlTemplate\":\"https:\\\/\\\/plein-jour.eu\\\/wordpress\\\/?s={search_term_string}\"},\"query-input\":{\"@type\":\"PropertyValueSpecification\",\"valueRequired\":true,\"valueName\":\"search_term_string\"}}],\"inLanguage\":\"fr-FR\"},{\"@type\":\"Organization\",\"@id\":\"https:\\\/\\\/plein-jour.eu\\\/wordpress\\\/#organization\",\"name\":\"Plein Jour\",\"url\":\"https:\\\/\\\/plein-jour.eu\\\/wordpress\\\/\",\"logo\":{\"@type\":\"ImageObject\",\"inLanguage\":\"fr-FR\",\"@id\":\"https:\\\/\\\/plein-jour.eu\\\/wordpress\\\/#\\\/schema\\\/logo\\\/image\\\/\",\"url\":\"https:\\\/\\\/plein-jour.eu\\\/wordpress\\\/wp-content\\\/uploads\\\/2020\\\/10\\\/Logo-coq-Plein-Jour-e1603696172827.png\",\"contentUrl\":\"https:\\\/\\\/plein-jour.eu\\\/wordpress\\\/wp-content\\\/uploads\\\/2020\\\/10\\\/Logo-coq-Plein-Jour-e1603696172827.png\",\"width\":500,\"height\":374,\"caption\":\"Plein Jour\"},\"image\":{\"@id\":\"https:\\\/\\\/plein-jour.eu\\\/wordpress\\\/#\\\/schema\\\/logo\\\/image\\\/\"}},{\"@type\":\"Person\",\"@id\":\"https:\\\/\\\/plein-jour.eu\\\/wordpress\\\/#\\\/schema\\\/person\\\/08786bf6936190834e41dbb642a8ec2d\",\"name\":\"Plein Jour\",\"url\":\"https:\\\/\\\/plein-jour.eu\\\/wordpress\\\/author\\\/admin_pleinjour_eu\\\/\"}]}<\/script>\n<!-- \/ Yoast SEO plugin. -->","yoast_head_json":{"title":"\"Exclu parce que j\u2019ai aim\u00e9\" de Pierre Galesne - PLEIN JOUR - Libres d&#039;aimer","robots":{"index":"index","follow":"follow","max-snippet":"max-snippet:-1","max-image-preview":"max-image-preview:large","max-video-preview":"max-video-preview:-1"},"canonical":"https:\/\/plein-jour.eu\/wordpress\/exclu-parce-que-jai-aime-de-pierre-galesne\/","og_locale":"fr_FR","og_type":"article","og_title":"\"Exclu parce que j\u2019ai aim\u00e9\" de Pierre Galesne - PLEIN JOUR - Libres d&#039;aimer","og_description":"\u00ab\u00a0Quelquefois, j\u2019essaie de me repr\u00e9senter ce que serait ma vie &hellip;","og_url":"https:\/\/plein-jour.eu\/wordpress\/exclu-parce-que-jai-aime-de-pierre-galesne\/","og_site_name":"PLEIN JOUR - Libres d&#039;aimer","article_published_time":"2015-05-24T20:45:16+00:00","article_modified_time":"2020-10-26T20:54:47+00:00","og_image":[{"url":"https:\/\/plein-jour.eu\/wordpress\/wp-content\/uploads\/2020\/10\/pierre-galesne-exclu-parce-que-jai-aime-189x300.jpg","type":"","width":"","height":""}],"author":"Plein Jour","twitter_card":"summary_large_image","twitter_misc":{"\u00c9crit par":"Plein Jour","Dur\u00e9e de lecture estim\u00e9e":"1 minute"},"schema":{"@context":"https:\/\/schema.org","@graph":[{"@type":"Article","@id":"https:\/\/plein-jour.eu\/wordpress\/exclu-parce-que-jai-aime-de-pierre-galesne\/#article","isPartOf":{"@id":"https:\/\/plein-jour.eu\/wordpress\/exclu-parce-que-jai-aime-de-pierre-galesne\/"},"author":{"name":"Plein Jour","@id":"https:\/\/plein-jour.eu\/wordpress\/#\/schema\/person\/08786bf6936190834e41dbb642a8ec2d"},"headline":"\u00ab\u00a0Exclu parce que j\u2019ai aim\u00e9\u00a0\u00bb de Pierre Galesne","datePublished":"2015-05-24T20:45:16+00:00","dateModified":"2020-10-26T20:54:47+00:00","mainEntityOfPage":{"@id":"https:\/\/plein-jour.eu\/wordpress\/exclu-parce-que-jai-aime-de-pierre-galesne\/"},"wordCount":147,"publisher":{"@id":"https:\/\/plein-jour.eu\/wordpress\/#organization"},"image":{"@id":"https:\/\/plein-jour.eu\/wordpress\/exclu-parce-que-jai-aime-de-pierre-galesne\/#primaryimage"},"thumbnailUrl":"https:\/\/plein-jour.eu\/wordpress\/wp-content\/uploads\/2020\/10\/pierre-galesne-exclu-parce-que-jai-aime-189x300.jpg","articleSection":["Nous avons lu"],"inLanguage":"fr-FR"},{"@type":"WebPage","@id":"https:\/\/plein-jour.eu\/wordpress\/exclu-parce-que-jai-aime-de-pierre-galesne\/","url":"https:\/\/plein-jour.eu\/wordpress\/exclu-parce-que-jai-aime-de-pierre-galesne\/","name":"\"Exclu parce que j\u2019ai aim\u00e9\" de Pierre Galesne - PLEIN JOUR - Libres d&#039;aimer","isPartOf":{"@id":"https:\/\/plein-jour.eu\/wordpress\/#website"},"primaryImageOfPage":{"@id":"https:\/\/plein-jour.eu\/wordpress\/exclu-parce-que-jai-aime-de-pierre-galesne\/#primaryimage"},"image":{"@id":"https:\/\/plein-jour.eu\/wordpress\/exclu-parce-que-jai-aime-de-pierre-galesne\/#primaryimage"},"thumbnailUrl":"https:\/\/plein-jour.eu\/wordpress\/wp-content\/uploads\/2020\/10\/pierre-galesne-exclu-parce-que-jai-aime-189x300.jpg","datePublished":"2015-05-24T20:45:16+00:00","dateModified":"2020-10-26T20:54:47+00:00","breadcrumb":{"@id":"https:\/\/plein-jour.eu\/wordpress\/exclu-parce-que-jai-aime-de-pierre-galesne\/#breadcrumb"},"inLanguage":"fr-FR","potentialAction":[{"@type":"ReadAction","target":["https:\/\/plein-jour.eu\/wordpress\/exclu-parce-que-jai-aime-de-pierre-galesne\/"]}]},{"@type":"ImageObject","inLanguage":"fr-FR","@id":"https:\/\/plein-jour.eu\/wordpress\/exclu-parce-que-jai-aime-de-pierre-galesne\/#primaryimage","url":"https:\/\/plein-jour.eu\/wordpress\/wp-content\/uploads\/2020\/10\/pierre-galesne-exclu-parce-que-jai-aime.jpg","contentUrl":"https:\/\/plein-jour.eu\/wordpress\/wp-content\/uploads\/2020\/10\/pierre-galesne-exclu-parce-que-jai-aime.jpg","width":421,"height":670},{"@type":"BreadcrumbList","@id":"https:\/\/plein-jour.eu\/wordpress\/exclu-parce-que-jai-aime-de-pierre-galesne\/#breadcrumb","itemListElement":[{"@type":"ListItem","position":1,"name":"Accueil","item":"https:\/\/plein-jour.eu\/wordpress\/"},{"@type":"ListItem","position":2,"name":"\u00ab\u00a0Exclu parce que j\u2019ai aim\u00e9\u00a0\u00bb de Pierre Galesne"}]},{"@type":"WebSite","@id":"https:\/\/plein-jour.eu\/wordpress\/#website","url":"https:\/\/plein-jour.eu\/wordpress\/","name":"Association Plein Jour","description":"Association de soutien pour les compagnes de Pr\u00eatres - A votre \u00e9coute au 06 84 59 06 01","publisher":{"@id":"https:\/\/plein-jour.eu\/wordpress\/#organization"},"potentialAction":[{"@type":"SearchAction","target":{"@type":"EntryPoint","urlTemplate":"https:\/\/plein-jour.eu\/wordpress\/?s={search_term_string}"},"query-input":{"@type":"PropertyValueSpecification","valueRequired":true,"valueName":"search_term_string"}}],"inLanguage":"fr-FR"},{"@type":"Organization","@id":"https:\/\/plein-jour.eu\/wordpress\/#organization","name":"Plein Jour","url":"https:\/\/plein-jour.eu\/wordpress\/","logo":{"@type":"ImageObject","inLanguage":"fr-FR","@id":"https:\/\/plein-jour.eu\/wordpress\/#\/schema\/logo\/image\/","url":"https:\/\/plein-jour.eu\/wordpress\/wp-content\/uploads\/2020\/10\/Logo-coq-Plein-Jour-e1603696172827.png","contentUrl":"https:\/\/plein-jour.eu\/wordpress\/wp-content\/uploads\/2020\/10\/Logo-coq-Plein-Jour-e1603696172827.png","width":500,"height":374,"caption":"Plein Jour"},"image":{"@id":"https:\/\/plein-jour.eu\/wordpress\/#\/schema\/logo\/image\/"}},{"@type":"Person","@id":"https:\/\/plein-jour.eu\/wordpress\/#\/schema\/person\/08786bf6936190834e41dbb642a8ec2d","name":"Plein Jour","url":"https:\/\/plein-jour.eu\/wordpress\/author\/admin_pleinjour_eu\/"}]}},"jetpack_featured_media_url":"","jetpack_sharing_enabled":true,"_links":{"self":[{"href":"https:\/\/plein-jour.eu\/wordpress\/wp-json\/wp\/v2\/posts\/1200","targetHints":{"allow":["GET"]}}],"collection":[{"href":"https:\/\/plein-jour.eu\/wordpress\/wp-json\/wp\/v2\/posts"}],"about":[{"href":"https:\/\/plein-jour.eu\/wordpress\/wp-json\/wp\/v2\/types\/post"}],"author":[{"embeddable":true,"href":"https:\/\/plein-jour.eu\/wordpress\/wp-json\/wp\/v2\/users\/1"}],"replies":[{"embeddable":true,"href":"https:\/\/plein-jour.eu\/wordpress\/wp-json\/wp\/v2\/comments?post=1200"}],"version-history":[{"count":0,"href":"https:\/\/plein-jour.eu\/wordpress\/wp-json\/wp\/v2\/posts\/1200\/revisions"}],"wp:attachment":[{"href":"https:\/\/plein-jour.eu\/wordpress\/wp-json\/wp\/v2\/media?parent=1200"}],"wp:term":[{"taxonomy":"category","embeddable":true,"href":"https:\/\/plein-jour.eu\/wordpress\/wp-json\/wp\/v2\/categories?post=1200"},{"taxonomy":"post_tag","embeddable":true,"href":"https:\/\/plein-jour.eu\/wordpress\/wp-json\/wp\/v2\/tags?post=1200"}],"curies":[{"name":"wp","href":"https:\/\/api.w.org\/{rel}","templated":true}]}}