{"id":1301,"date":"2022-02-24T16:50:10","date_gmt":"2022-02-24T15:50:10","guid":{"rendered":"https:\/\/plein-jour.eu\/wordpress\/?p=1301"},"modified":"2022-02-24T16:50:10","modified_gmt":"2022-02-24T15:50:10","slug":"une-nouvelle-vie","status":"publish","type":"post","link":"https:\/\/plein-jour.eu\/wordpress\/une-nouvelle-vie\/","title":{"rendered":"Une nouvelle vie"},"content":{"rendered":"<p>Une vocation. Dipl\u00f4m\u00e9 de philosophie et de th\u00e9ologie, David Gr\u00e9a a \u00e9t\u00e9 le responsable de deux paroisses de Lyon, entra\u00eenant avec lui des milliers de fid\u00e8les. C&rsquo;est un pr\u00eatre heureux. Un tabou. Tradition non biblique, le c\u00e9libat des pr\u00eatres est devenu la r\u00e8gle au me si\u00e8cle. Pourtant les pr\u00eatres catholiques d&rsquo;Orient ont toujours le droit de se marier. Une confession. David Gr\u00e9a raconte avec une sinc\u00e9rit\u00e9 peu commune la mis\u00e8re affective et sexuelle que connaissent de nombreux pr\u00eatres. Une rencontre. Elle s&rsquo;appelle Magalie et leur amour va vaincre tous les obstacles. David Gr\u00e9a refuse l&rsquo;hypocrisie&nbsp;: il veut vivre au grand jour son bonheur, tout en accomplissant sa vocation de pr\u00eatre. Une d\u00e9chirure. Le p\u00e8re Gr\u00e9a confie ses entretiens avec ses pairs, avec le cardinal Barbarin et le pape Fran\u00e7ois, qui l&rsquo;a re\u00e7u chaleureusement avec sa future compagne. Il raconte aussi ce proc\u00e8s, d&rsquo;un autre temps, instruit contre lui. Un livre o\u00f9 chaque mot est choisi pour dire au plus juste la v\u00e9rit\u00e9 et l&rsquo;esp\u00e9rance.<\/p>\n<p><strong>David Gr\u00e9a<\/strong> &#8211; Les Arenes Eds<\/p>\n<p><a href=\"https:\/\/plein-jour.eu\/wordpress\/wp-content\/uploads\/2022\/02\/005462444.jpeg\" data-rel=\"lightbox-gallery-MF2pp5Lb\" data-rl_title=\"\" data-rl_caption=\"\" title=\"\"><img loading=\"lazy\" decoding=\"async\" class=\"alignnone size-medium wp-image-1302\" src=\"https:\/\/plein-jour.eu\/wordpress\/wp-content\/uploads\/2022\/02\/005462444-198x300.jpeg\" alt=\"\" width=\"198\" height=\"300\" srcset=\"https:\/\/plein-jour.eu\/wordpress\/wp-content\/uploads\/2022\/02\/005462444-198x300.jpeg 198w, https:\/\/plein-jour.eu\/wordpress\/wp-content\/uploads\/2022\/02\/005462444.jpeg 527w\" sizes=\"auto, (max-width: 198px) 100vw, 198px\" \/><\/a><\/p>","protected":false},"excerpt":{"rendered":"<p>Une vocation. Dipl\u00f4m\u00e9 de philosophie et de th\u00e9ologie, David Gr\u00e9a &hellip; <\/p>","protected":false},"author":1,"featured_media":0,"comment_status":"closed","ping_status":"closed","sticky":false,"template":"","format":"standard","meta":{"_jetpack_memberships_contains_paid_content":false,"footnotes":""},"categories":[2],"tags":[],"class_list":["post-1301","post","type-post","status-publish","format-standard","hentry","category-bibliographie"],"yoast_head":"<!-- This site is optimized with the Yoast SEO plugin v27.5 - https:\/\/yoast.com\/product\/yoast-seo-wordpress\/ -->\n<title>Une nouvelle vie - PLEIN JOUR - Libres d&#039;aimer<\/title>\n<meta name=\"robots\" content=\"index, follow, max-snippet:-1, max-image-preview:large, max-video-preview:-1\" \/>\n<link rel=\"canonical\" href=\"https:\/\/plein-jour.eu\/wordpress\/une-nouvelle-vie\/\" \/>\n<meta property=\"og:locale\" content=\"fr_FR\" \/>\n<meta property=\"og:type\" content=\"article\" \/>\n<meta property=\"og:title\" content=\"Une nouvelle vie - PLEIN JOUR - Libres d&#039;aimer\" \/>\n<meta property=\"og:description\" content=\"Une vocation. Dipl\u00f4m\u00e9 de philosophie et de th\u00e9ologie, David Gr\u00e9a &hellip;\" \/>\n<meta property=\"og:url\" content=\"https:\/\/plein-jour.eu\/wordpress\/une-nouvelle-vie\/\" \/>\n<meta property=\"og:site_name\" content=\"PLEIN JOUR - Libres d&#039;aimer\" \/>\n<meta property=\"article:published_time\" content=\"2022-02-24T15:50:10+00:00\" \/>\n<meta property=\"og:image\" content=\"https:\/\/plein-jour.eu\/wordpress\/wp-content\/uploads\/2022\/02\/005462444-198x300.jpeg\" \/>\n<meta name=\"author\" content=\"Plein Jour\" \/>\n<meta name=\"twitter:card\" content=\"summary_large_image\" \/>\n<meta name=\"twitter:label1\" content=\"\u00c9crit par\" \/>\n\t<meta name=\"twitter:data1\" content=\"Plein Jour\" \/>\n\t<meta name=\"twitter:label2\" content=\"Dur\u00e9e de lecture estim\u00e9e\" \/>\n\t<meta name=\"twitter:data2\" content=\"1 minute\" \/>\n<script type=\"application\/ld+json\" class=\"yoast-schema-graph\">{\"@context\":\"https:\\\/\\\/schema.org\",\"@graph\":[{\"@type\":\"Article\",\"@id\":\"https:\\\/\\\/plein-jour.eu\\\/wordpress\\\/une-nouvelle-vie\\\/#article\",\"isPartOf\":{\"@id\":\"https:\\\/\\\/plein-jour.eu\\\/wordpress\\\/une-nouvelle-vie\\\/\"},\"author\":{\"name\":\"Plein Jour\",\"@id\":\"https:\\\/\\\/plein-jour.eu\\\/wordpress\\\/#\\\/schema\\\/person\\\/08786bf6936190834e41dbb642a8ec2d\"},\"headline\":\"Une nouvelle vie\",\"datePublished\":\"2022-02-24T15:50:10+00:00\",\"mainEntityOfPage\":{\"@id\":\"https:\\\/\\\/plein-jour.eu\\\/wordpress\\\/une-nouvelle-vie\\\/\"},\"wordCount\":206,\"publisher\":{\"@id\":\"https:\\\/\\\/plein-jour.eu\\\/wordpress\\\/#organization\"},\"image\":{\"@id\":\"https:\\\/\\\/plein-jour.eu\\\/wordpress\\\/une-nouvelle-vie\\\/#primaryimage\"},\"thumbnailUrl\":\"https:\\\/\\\/plein-jour.eu\\\/wordpress\\\/wp-content\\\/uploads\\\/2022\\\/02\\\/005462444-198x300.jpeg\",\"articleSection\":[\"Nous avons lu\"],\"inLanguage\":\"fr-FR\"},{\"@type\":\"WebPage\",\"@id\":\"https:\\\/\\\/plein-jour.eu\\\/wordpress\\\/une-nouvelle-vie\\\/\",\"url\":\"https:\\\/\\\/plein-jour.eu\\\/wordpress\\\/une-nouvelle-vie\\\/\",\"name\":\"Une nouvelle vie - PLEIN JOUR - Libres d&#039;aimer\",\"isPartOf\":{\"@id\":\"https:\\\/\\\/plein-jour.eu\\\/wordpress\\\/#website\"},\"primaryImageOfPage\":{\"@id\":\"https:\\\/\\\/plein-jour.eu\\\/wordpress\\\/une-nouvelle-vie\\\/#primaryimage\"},\"image\":{\"@id\":\"https:\\\/\\\/plein-jour.eu\\\/wordpress\\\/une-nouvelle-vie\\\/#primaryimage\"},\"thumbnailUrl\":\"https:\\\/\\\/plein-jour.eu\\\/wordpress\\\/wp-content\\\/uploads\\\/2022\\\/02\\\/005462444-198x300.jpeg\",\"datePublished\":\"2022-02-24T15:50:10+00:00\",\"breadcrumb\":{\"@id\":\"https:\\\/\\\/plein-jour.eu\\\/wordpress\\\/une-nouvelle-vie\\\/#breadcrumb\"},\"inLanguage\":\"fr-FR\",\"potentialAction\":[{\"@type\":\"ReadAction\",\"target\":[\"https:\\\/\\\/plein-jour.eu\\\/wordpress\\\/une-nouvelle-vie\\\/\"]}]},{\"@type\":\"ImageObject\",\"inLanguage\":\"fr-FR\",\"@id\":\"https:\\\/\\\/plein-jour.eu\\\/wordpress\\\/une-nouvelle-vie\\\/#primaryimage\",\"url\":\"https:\\\/\\\/plein-jour.eu\\\/wordpress\\\/wp-content\\\/uploads\\\/2022\\\/02\\\/005462444.jpeg\",\"contentUrl\":\"https:\\\/\\\/plein-jour.eu\\\/wordpress\\\/wp-content\\\/uploads\\\/2022\\\/02\\\/005462444.jpeg\",\"width\":527,\"height\":799},{\"@type\":\"BreadcrumbList\",\"@id\":\"https:\\\/\\\/plein-jour.eu\\\/wordpress\\\/une-nouvelle-vie\\\/#breadcrumb\",\"itemListElement\":[{\"@type\":\"ListItem\",\"position\":1,\"name\":\"Accueil\",\"item\":\"https:\\\/\\\/plein-jour.eu\\\/wordpress\\\/\"},{\"@type\":\"ListItem\",\"position\":2,\"name\":\"Une nouvelle vie\"}]},{\"@type\":\"WebSite\",\"@id\":\"https:\\\/\\\/plein-jour.eu\\\/wordpress\\\/#website\",\"url\":\"https:\\\/\\\/plein-jour.eu\\\/wordpress\\\/\",\"name\":\"Association Plein Jour\",\"description\":\"Association de soutien pour les compagnes de Pr\u00eatres - A votre \u00e9coute au 06 84 59 06 01\",\"publisher\":{\"@id\":\"https:\\\/\\\/plein-jour.eu\\\/wordpress\\\/#organization\"},\"potentialAction\":[{\"@type\":\"SearchAction\",\"target\":{\"@type\":\"EntryPoint\",\"urlTemplate\":\"https:\\\/\\\/plein-jour.eu\\\/wordpress\\\/?s={search_term_string}\"},\"query-input\":{\"@type\":\"PropertyValueSpecification\",\"valueRequired\":true,\"valueName\":\"search_term_string\"}}],\"inLanguage\":\"fr-FR\"},{\"@type\":\"Organization\",\"@id\":\"https:\\\/\\\/plein-jour.eu\\\/wordpress\\\/#organization\",\"name\":\"Plein Jour\",\"url\":\"https:\\\/\\\/plein-jour.eu\\\/wordpress\\\/\",\"logo\":{\"@type\":\"ImageObject\",\"inLanguage\":\"fr-FR\",\"@id\":\"https:\\\/\\\/plein-jour.eu\\\/wordpress\\\/#\\\/schema\\\/logo\\\/image\\\/\",\"url\":\"https:\\\/\\\/plein-jour.eu\\\/wordpress\\\/wp-content\\\/uploads\\\/2020\\\/10\\\/Logo-coq-Plein-Jour-e1603696172827.png\",\"contentUrl\":\"https:\\\/\\\/plein-jour.eu\\\/wordpress\\\/wp-content\\\/uploads\\\/2020\\\/10\\\/Logo-coq-Plein-Jour-e1603696172827.png\",\"width\":500,\"height\":374,\"caption\":\"Plein Jour\"},\"image\":{\"@id\":\"https:\\\/\\\/plein-jour.eu\\\/wordpress\\\/#\\\/schema\\\/logo\\\/image\\\/\"}},{\"@type\":\"Person\",\"@id\":\"https:\\\/\\\/plein-jour.eu\\\/wordpress\\\/#\\\/schema\\\/person\\\/08786bf6936190834e41dbb642a8ec2d\",\"name\":\"Plein Jour\",\"url\":\"https:\\\/\\\/plein-jour.eu\\\/wordpress\\\/author\\\/admin_pleinjour_eu\\\/\"}]}<\/script>\n<!-- \/ Yoast SEO plugin. -->","yoast_head_json":{"title":"Une nouvelle vie - PLEIN JOUR - Libres d&#039;aimer","robots":{"index":"index","follow":"follow","max-snippet":"max-snippet:-1","max-image-preview":"max-image-preview:large","max-video-preview":"max-video-preview:-1"},"canonical":"https:\/\/plein-jour.eu\/wordpress\/une-nouvelle-vie\/","og_locale":"fr_FR","og_type":"article","og_title":"Une nouvelle vie - PLEIN JOUR - Libres d&#039;aimer","og_description":"Une vocation. Dipl\u00f4m\u00e9 de philosophie et de th\u00e9ologie, David Gr\u00e9a &hellip;","og_url":"https:\/\/plein-jour.eu\/wordpress\/une-nouvelle-vie\/","og_site_name":"PLEIN JOUR - Libres d&#039;aimer","article_published_time":"2022-02-24T15:50:10+00:00","og_image":[{"url":"https:\/\/plein-jour.eu\/wordpress\/wp-content\/uploads\/2022\/02\/005462444-198x300.jpeg","type":"","width":"","height":""}],"author":"Plein Jour","twitter_card":"summary_large_image","twitter_misc":{"\u00c9crit par":"Plein Jour","Dur\u00e9e de lecture estim\u00e9e":"1 minute"},"schema":{"@context":"https:\/\/schema.org","@graph":[{"@type":"Article","@id":"https:\/\/plein-jour.eu\/wordpress\/une-nouvelle-vie\/#article","isPartOf":{"@id":"https:\/\/plein-jour.eu\/wordpress\/une-nouvelle-vie\/"},"author":{"name":"Plein Jour","@id":"https:\/\/plein-jour.eu\/wordpress\/#\/schema\/person\/08786bf6936190834e41dbb642a8ec2d"},"headline":"Une nouvelle vie","datePublished":"2022-02-24T15:50:10+00:00","mainEntityOfPage":{"@id":"https:\/\/plein-jour.eu\/wordpress\/une-nouvelle-vie\/"},"wordCount":206,"publisher":{"@id":"https:\/\/plein-jour.eu\/wordpress\/#organization"},"image":{"@id":"https:\/\/plein-jour.eu\/wordpress\/une-nouvelle-vie\/#primaryimage"},"thumbnailUrl":"https:\/\/plein-jour.eu\/wordpress\/wp-content\/uploads\/2022\/02\/005462444-198x300.jpeg","articleSection":["Nous avons lu"],"inLanguage":"fr-FR"},{"@type":"WebPage","@id":"https:\/\/plein-jour.eu\/wordpress\/une-nouvelle-vie\/","url":"https:\/\/plein-jour.eu\/wordpress\/une-nouvelle-vie\/","name":"Une nouvelle vie - PLEIN JOUR - Libres d&#039;aimer","isPartOf":{"@id":"https:\/\/plein-jour.eu\/wordpress\/#website"},"primaryImageOfPage":{"@id":"https:\/\/plein-jour.eu\/wordpress\/une-nouvelle-vie\/#primaryimage"},"image":{"@id":"https:\/\/plein-jour.eu\/wordpress\/une-nouvelle-vie\/#primaryimage"},"thumbnailUrl":"https:\/\/plein-jour.eu\/wordpress\/wp-content\/uploads\/2022\/02\/005462444-198x300.jpeg","datePublished":"2022-02-24T15:50:10+00:00","breadcrumb":{"@id":"https:\/\/plein-jour.eu\/wordpress\/une-nouvelle-vie\/#breadcrumb"},"inLanguage":"fr-FR","potentialAction":[{"@type":"ReadAction","target":["https:\/\/plein-jour.eu\/wordpress\/une-nouvelle-vie\/"]}]},{"@type":"ImageObject","inLanguage":"fr-FR","@id":"https:\/\/plein-jour.eu\/wordpress\/une-nouvelle-vie\/#primaryimage","url":"https:\/\/plein-jour.eu\/wordpress\/wp-content\/uploads\/2022\/02\/005462444.jpeg","contentUrl":"https:\/\/plein-jour.eu\/wordpress\/wp-content\/uploads\/2022\/02\/005462444.jpeg","width":527,"height":799},{"@type":"BreadcrumbList","@id":"https:\/\/plein-jour.eu\/wordpress\/une-nouvelle-vie\/#breadcrumb","itemListElement":[{"@type":"ListItem","position":1,"name":"Accueil","item":"https:\/\/plein-jour.eu\/wordpress\/"},{"@type":"ListItem","position":2,"name":"Une nouvelle vie"}]},{"@type":"WebSite","@id":"https:\/\/plein-jour.eu\/wordpress\/#website","url":"https:\/\/plein-jour.eu\/wordpress\/","name":"Association Plein Jour","description":"Association de soutien pour les compagnes de Pr\u00eatres - A votre \u00e9coute au 06 84 59 06 01","publisher":{"@id":"https:\/\/plein-jour.eu\/wordpress\/#organization"},"potentialAction":[{"@type":"SearchAction","target":{"@type":"EntryPoint","urlTemplate":"https:\/\/plein-jour.eu\/wordpress\/?s={search_term_string}"},"query-input":{"@type":"PropertyValueSpecification","valueRequired":true,"valueName":"search_term_string"}}],"inLanguage":"fr-FR"},{"@type":"Organization","@id":"https:\/\/plein-jour.eu\/wordpress\/#organization","name":"Plein Jour","url":"https:\/\/plein-jour.eu\/wordpress\/","logo":{"@type":"ImageObject","inLanguage":"fr-FR","@id":"https:\/\/plein-jour.eu\/wordpress\/#\/schema\/logo\/image\/","url":"https:\/\/plein-jour.eu\/wordpress\/wp-content\/uploads\/2020\/10\/Logo-coq-Plein-Jour-e1603696172827.png","contentUrl":"https:\/\/plein-jour.eu\/wordpress\/wp-content\/uploads\/2020\/10\/Logo-coq-Plein-Jour-e1603696172827.png","width":500,"height":374,"caption":"Plein Jour"},"image":{"@id":"https:\/\/plein-jour.eu\/wordpress\/#\/schema\/logo\/image\/"}},{"@type":"Person","@id":"https:\/\/plein-jour.eu\/wordpress\/#\/schema\/person\/08786bf6936190834e41dbb642a8ec2d","name":"Plein Jour","url":"https:\/\/plein-jour.eu\/wordpress\/author\/admin_pleinjour_eu\/"}]}},"jetpack_featured_media_url":"","jetpack_sharing_enabled":true,"_links":{"self":[{"href":"https:\/\/plein-jour.eu\/wordpress\/wp-json\/wp\/v2\/posts\/1301","targetHints":{"allow":["GET"]}}],"collection":[{"href":"https:\/\/plein-jour.eu\/wordpress\/wp-json\/wp\/v2\/posts"}],"about":[{"href":"https:\/\/plein-jour.eu\/wordpress\/wp-json\/wp\/v2\/types\/post"}],"author":[{"embeddable":true,"href":"https:\/\/plein-jour.eu\/wordpress\/wp-json\/wp\/v2\/users\/1"}],"replies":[{"embeddable":true,"href":"https:\/\/plein-jour.eu\/wordpress\/wp-json\/wp\/v2\/comments?post=1301"}],"version-history":[{"count":0,"href":"https:\/\/plein-jour.eu\/wordpress\/wp-json\/wp\/v2\/posts\/1301\/revisions"}],"wp:attachment":[{"href":"https:\/\/plein-jour.eu\/wordpress\/wp-json\/wp\/v2\/media?parent=1301"}],"wp:term":[{"taxonomy":"category","embeddable":true,"href":"https:\/\/plein-jour.eu\/wordpress\/wp-json\/wp\/v2\/categories?post=1301"},{"taxonomy":"post_tag","embeddable":true,"href":"https:\/\/plein-jour.eu\/wordpress\/wp-json\/wp\/v2\/tags?post=1301"}],"curies":[{"name":"wp","href":"https:\/\/api.w.org\/{rel}","templated":true}]}}