{"id":1583,"date":"2025-02-12T12:42:35","date_gmt":"2025-02-12T11:42:35","guid":{"rendered":"https:\/\/plein-jour.eu\/wordpress\/?p=1583"},"modified":"2025-02-12T12:42:35","modified_gmt":"2025-02-12T11:42:35","slug":"charlotte-temoignage","status":"publish","type":"post","link":"https:\/\/plein-jour.eu\/wordpress\/charlotte-temoignage\/","title":{"rendered":"Charlotte t\u00e9moignage"},"content":{"rendered":"<blockquote>\n<blockquote>\n<p style=\"font-weight: 400;\">Ch\u00e8res compagnes,<\/p>\n<p>&nbsp;<\/p>\n<p style=\"font-weight: 400;\">Voil\u00e0 plus de 10 ans que je connais Plein Jour.<\/p>\n<p>&nbsp;<\/p>\n<p style=\"font-weight: 400;\">Voici comment j\u2019ai connu l\u2019association\u00a0: Un jour de d\u00e9sespoir, de solitude j\u2019ai tap\u00e9 sur un moteur de recherche les mots\u00a0<strong>\u00ab\u00a0compagnes de pr\u00eatre<\/strong>\u00a0\u00bb et l\u00e0 d\u2019un coup j\u2019ai su officiellement que je n\u2019\u00e9tais pas seule, que ce que je supportais difficilement, d\u2019autres personnes en t\u00e9moignaient par des r\u00e9cits, des articles, voire m\u00eame des livres, et aussi pour d\u2019autres plus m\u00e9diatis\u00e9es\u00a0: au sein d\u2019\u00e9missions de t\u00e9l\u00e9vision&nbsp;! Quel soulagement ce fut pour moi\u00a0!<\/p>\n<p>&nbsp;<\/p>\n<p style=\"font-weight: 400;\">Puis m\u2019apparurent les pr\u00e9noms des personnes \u00e9coutantes avec leurs num\u00e9ros de t\u00e9l\u00e9phone et bien s\u00fbr l\u2019identit\u00e9 de la personne \u00e0 l\u2019origine de PJ\u00a0: Dominique Venturini. Paix \u00e0 son \u00e2me.<\/p>\n<p>&nbsp;<\/p>\n<p style=\"font-weight: 400;\">C\u2019est ainsi qu\u2019apr\u00e8s un temps de r\u00e9flexion, j\u2019ai os\u00e9 t\u00e9l\u00e9phoner pour enfin exprimer mes tourments sans crainte d\u2019\u00eatre jug\u00e9e et surtout incomprise. Car nous le savons bien, c\u2019est le v\u00e9cu qui fait l\u2019exp\u00e9rience et qui permet aux personnes concern\u00e9es de se comprendre.\u00a0 Les contraintes, les interdits, les non-dits\u2026 inh\u00e9rents \u00e0 notre \u00ab\u00a0statut\u00a0\u00bb\u00a0sont tr\u00e8s atypiques pour une simple relation d\u2019amour.<\/p>\n<p>&nbsp;<\/p>\n<p style=\"font-weight: 400;\">H\u00e9las, pas de solution miracle mais enfin, je me sens int\u00e9gr\u00e9e au sein d\u2019une entit\u00e9 plus grande que moi, avec pleins d\u2019histoires, toutes diff\u00e9rentes, parfois tr\u00e8s belles ou malheureusement douloureuses.<\/p>\n<p>&nbsp;<\/p>\n<p style=\"font-weight: 400;\"><strong>Chaque fois que j\u2019ai appel\u00e9 j\u2019ai toujours b\u00e9n\u00e9fici\u00e9 d\u2019une \u00e9coute attentive, bienveillante, r\u00e9confortante et je me suis sentie soulag\u00e9e ensuite.<\/strong><\/p>\n<p>&nbsp;<\/p>\n<p style=\"font-weight: 400;\">C\u2019est ainsi que chaque ann\u00e9e j\u2019ai vers\u00e9 ma cotisation pour rester en relation et soutenir Plein Jour.<\/p>\n<p>&nbsp;<\/p>\n<p style=\"font-weight: 400;\">Puis les ann\u00e9es ont pass\u00e9\u2026 R\u00e9cemment j\u2019ai encore eu besoin d\u2019appeler et Marie-Laurence ainsi que Bernard son \u00e9poux ont su me r\u00e9conforter.<\/p>\n<p>&nbsp;<\/p>\n<p style=\"font-weight: 400;\">Aussi lorsque fin janvier, j\u2019ai re\u00e7u une lettre d\u2019appel pour soutenir et redonner vie \u00e0 l\u2019association j\u2019ai mis de c\u00f4t\u00e9 toutes mes craintes (manque de temps, de capacit\u00e9s, d\u2019\u00e9nergie\u2026) et me suis fait un devoir de r\u00e9pondre \u00e0 l\u2019invitation pour participer au groupe de travail. Oui, par solidarit\u00e9, pour la toute petite \u00e9quipe ayant repris courageusement le flambeau et pour que Plein Jour puisse continuer \u00e0 soutenir toutes celles qui vivent dans l\u2019isolement, la solitude, la honte.<\/p>\n<p>&nbsp;<\/p>\n<p style=\"font-weight: 400;\">En revanche, depuis toujours, je n\u2019ai jamais adh\u00e9r\u00e9 au militantisme en faveur du mariage des pr\u00eatres ni aux critiques acerbes de l\u2019institution Eglise. Tout d\u2019abord par respect pour mon compagnon qui \u0153uvre au sein de l\u2019\u00e9glise catholique, ensuite parce que je consid\u00e8re que le sujet est particuli\u00e8rement complexe.<\/p>\n<p>&nbsp;<\/p>\n<p style=\"font-weight: 400;\">Ne pensez pas pour autant que je sois d\u2019accord avec tous les dogmes eccl\u00e9siaux. C\u2019est un peu comme au sein d\u2019une famille&nbsp;: les opinions, les modes de vie peuvent diverger entre g\u00e9n\u00e9rations, au sein m\u00eame d\u2019une fratrie\u2026 mais nous sommes toujours unis par des liens sp\u00e9ciaux et forts. Dans l\u2019Eglise c\u2019est pareil, un fid\u00e8le divorc\u00e9 est toujours baptis\u00e9, on peut \u00eatre pour l\u2019avortement et pour autant assister aux offices religieux, recevoir les sacrements\u2026 on peut aussi claquer la porte mais ce n\u2019est pas mon choix.<\/p>\n<p>&nbsp;<\/p>\n<p style=\"font-weight: 400;\">Peut-\u00eatre vous aussi, vous h\u00e9sitez \u00e0 franchir le pas, alors n\u2019ayez pas peur, rejoignez-nous le temps d\u2019une r\u00e9union en visio pour nous apporter vos id\u00e9es, un t\u00e9moignage \u00e0 publier sur notre site, mettre au service de l\u2019association vos comp\u00e9tences (informatiques, cr\u00e9atives, \u2026).<\/p>\n<p>&nbsp;<\/p>\n<p style=\"font-weight: 400;\">Solidairement v\u00f4tre\u00a0!<\/p>\n<p style=\"font-weight: 400;\">Charlotte<\/p>\n<\/blockquote>\n<\/blockquote>\n<p>&nbsp;<\/p>\n<p>&nbsp;<\/p>\n<p>&nbsp;<\/p>","protected":false},"excerpt":{"rendered":"<p>Ch\u00e8res compagnes, &nbsp; Voil\u00e0 plus de 10 ans que je &hellip; <\/p>","protected":false},"author":1,"featured_media":0,"comment_status":"closed","ping_status":"closed","sticky":false,"template":"","format":"standard","meta":{"_jetpack_memberships_contains_paid_content":false,"footnotes":""},"categories":[7],"tags":[],"class_list":["post-1583","post","type-post","status-publish","format-standard","hentry","category-temoignages"],"yoast_head":"<!-- This site is optimized with the Yoast SEO plugin v27.5 - https:\/\/yoast.com\/product\/yoast-seo-wordpress\/ -->\n<title>Charlotte t\u00e9moignage - PLEIN JOUR - Libres d&#039;aimer<\/title>\n<meta name=\"description\" content=\"Un jour de d\u00e9sespoir, de solitude j\u2019ai tap\u00e9 les mots\u00a0\u00ab\u00a0compagnes de pr\u00eatre\u00a0\u00bb et l\u00e0 d\u2019un coup j\u2019ai su officiellement que je n\u2019\u00e9tais pas seule.\" \/>\n<meta name=\"robots\" content=\"index, follow, max-snippet:-1, max-image-preview:large, max-video-preview:-1\" \/>\n<link rel=\"canonical\" href=\"https:\/\/plein-jour.eu\/wordpress\/charlotte-temoignage\/\" \/>\n<meta property=\"og:locale\" content=\"fr_FR\" \/>\n<meta property=\"og:type\" content=\"article\" \/>\n<meta property=\"og:title\" content=\"Charlotte t\u00e9moignage - PLEIN JOUR - Libres d&#039;aimer\" \/>\n<meta property=\"og:description\" content=\"Un jour de d\u00e9sespoir, de solitude j\u2019ai tap\u00e9 les mots\u00a0\u00ab\u00a0compagnes de pr\u00eatre\u00a0\u00bb et l\u00e0 d\u2019un coup j\u2019ai su officiellement que je n\u2019\u00e9tais pas seule.\" \/>\n<meta property=\"og:url\" content=\"https:\/\/plein-jour.eu\/wordpress\/charlotte-temoignage\/\" \/>\n<meta property=\"og:site_name\" content=\"PLEIN JOUR - Libres d&#039;aimer\" \/>\n<meta property=\"article:published_time\" content=\"2025-02-12T11:42:35+00:00\" \/>\n<meta name=\"author\" content=\"Plein Jour\" \/>\n<meta name=\"twitter:card\" content=\"summary_large_image\" \/>\n<meta name=\"twitter:label1\" content=\"\u00c9crit par\" \/>\n\t<meta name=\"twitter:data1\" content=\"Plein Jour\" \/>\n<script type=\"application\/ld+json\" class=\"yoast-schema-graph\">{\"@context\":\"https:\\\/\\\/schema.org\",\"@graph\":[{\"@type\":\"Article\",\"@id\":\"https:\\\/\\\/plein-jour.eu\\\/wordpress\\\/charlotte-temoignage\\\/#article\",\"isPartOf\":{\"@id\":\"https:\\\/\\\/plein-jour.eu\\\/wordpress\\\/charlotte-temoignage\\\/\"},\"author\":{\"name\":\"Plein Jour\",\"@id\":\"https:\\\/\\\/plein-jour.eu\\\/wordpress\\\/#\\\/schema\\\/person\\\/08786bf6936190834e41dbb642a8ec2d\"},\"headline\":\"Charlotte t\u00e9moignage\",\"datePublished\":\"2025-02-12T11:42:35+00:00\",\"mainEntityOfPage\":{\"@id\":\"https:\\\/\\\/plein-jour.eu\\\/wordpress\\\/charlotte-temoignage\\\/\"},\"wordCount\":635,\"publisher\":{\"@id\":\"https:\\\/\\\/plein-jour.eu\\\/wordpress\\\/#organization\"},\"articleSection\":[\"T\u00e9moignages\"],\"inLanguage\":\"fr-FR\"},{\"@type\":\"WebPage\",\"@id\":\"https:\\\/\\\/plein-jour.eu\\\/wordpress\\\/charlotte-temoignage\\\/\",\"url\":\"https:\\\/\\\/plein-jour.eu\\\/wordpress\\\/charlotte-temoignage\\\/\",\"name\":\"Charlotte t\u00e9moignage - PLEIN JOUR - Libres d&#039;aimer\",\"isPartOf\":{\"@id\":\"https:\\\/\\\/plein-jour.eu\\\/wordpress\\\/#website\"},\"datePublished\":\"2025-02-12T11:42:35+00:00\",\"description\":\"Un jour de d\u00e9sespoir, de solitude j\u2019ai tap\u00e9 les mots\u00a0\u00ab\u00a0compagnes de pr\u00eatre\u00a0\u00bb et l\u00e0 d\u2019un coup j\u2019ai su officiellement que je n\u2019\u00e9tais pas seule.\",\"breadcrumb\":{\"@id\":\"https:\\\/\\\/plein-jour.eu\\\/wordpress\\\/charlotte-temoignage\\\/#breadcrumb\"},\"inLanguage\":\"fr-FR\",\"potentialAction\":[{\"@type\":\"ReadAction\",\"target\":[\"https:\\\/\\\/plein-jour.eu\\\/wordpress\\\/charlotte-temoignage\\\/\"]}]},{\"@type\":\"BreadcrumbList\",\"@id\":\"https:\\\/\\\/plein-jour.eu\\\/wordpress\\\/charlotte-temoignage\\\/#breadcrumb\",\"itemListElement\":[{\"@type\":\"ListItem\",\"position\":1,\"name\":\"Accueil\",\"item\":\"https:\\\/\\\/plein-jour.eu\\\/wordpress\\\/\"},{\"@type\":\"ListItem\",\"position\":2,\"name\":\"Charlotte t\u00e9moignage\"}]},{\"@type\":\"WebSite\",\"@id\":\"https:\\\/\\\/plein-jour.eu\\\/wordpress\\\/#website\",\"url\":\"https:\\\/\\\/plein-jour.eu\\\/wordpress\\\/\",\"name\":\"Association Plein Jour\",\"description\":\"Association de soutien pour les compagnes de Pr\u00eatres - A votre \u00e9coute au 06 84 59 06 01\",\"publisher\":{\"@id\":\"https:\\\/\\\/plein-jour.eu\\\/wordpress\\\/#organization\"},\"potentialAction\":[{\"@type\":\"SearchAction\",\"target\":{\"@type\":\"EntryPoint\",\"urlTemplate\":\"https:\\\/\\\/plein-jour.eu\\\/wordpress\\\/?s={search_term_string}\"},\"query-input\":{\"@type\":\"PropertyValueSpecification\",\"valueRequired\":true,\"valueName\":\"search_term_string\"}}],\"inLanguage\":\"fr-FR\"},{\"@type\":\"Organization\",\"@id\":\"https:\\\/\\\/plein-jour.eu\\\/wordpress\\\/#organization\",\"name\":\"Plein Jour\",\"url\":\"https:\\\/\\\/plein-jour.eu\\\/wordpress\\\/\",\"logo\":{\"@type\":\"ImageObject\",\"inLanguage\":\"fr-FR\",\"@id\":\"https:\\\/\\\/plein-jour.eu\\\/wordpress\\\/#\\\/schema\\\/logo\\\/image\\\/\",\"url\":\"https:\\\/\\\/plein-jour.eu\\\/wordpress\\\/wp-content\\\/uploads\\\/2020\\\/10\\\/Logo-coq-Plein-Jour-e1603696172827.png\",\"contentUrl\":\"https:\\\/\\\/plein-jour.eu\\\/wordpress\\\/wp-content\\\/uploads\\\/2020\\\/10\\\/Logo-coq-Plein-Jour-e1603696172827.png\",\"width\":500,\"height\":374,\"caption\":\"Plein Jour\"},\"image\":{\"@id\":\"https:\\\/\\\/plein-jour.eu\\\/wordpress\\\/#\\\/schema\\\/logo\\\/image\\\/\"}},{\"@type\":\"Person\",\"@id\":\"https:\\\/\\\/plein-jour.eu\\\/wordpress\\\/#\\\/schema\\\/person\\\/08786bf6936190834e41dbb642a8ec2d\",\"name\":\"Plein Jour\",\"url\":\"https:\\\/\\\/plein-jour.eu\\\/wordpress\\\/author\\\/admin_pleinjour_eu\\\/\"}]}<\/script>\n<!-- \/ Yoast SEO plugin. -->","yoast_head_json":{"title":"Charlotte t\u00e9moignage - PLEIN JOUR - Libres d&#039;aimer","description":"Un jour de d\u00e9sespoir, de solitude j\u2019ai tap\u00e9 les mots\u00a0\u00ab\u00a0compagnes de pr\u00eatre\u00a0\u00bb et l\u00e0 d\u2019un coup j\u2019ai su officiellement que je n\u2019\u00e9tais pas seule.","robots":{"index":"index","follow":"follow","max-snippet":"max-snippet:-1","max-image-preview":"max-image-preview:large","max-video-preview":"max-video-preview:-1"},"canonical":"https:\/\/plein-jour.eu\/wordpress\/charlotte-temoignage\/","og_locale":"fr_FR","og_type":"article","og_title":"Charlotte t\u00e9moignage - PLEIN JOUR - Libres d&#039;aimer","og_description":"Un jour de d\u00e9sespoir, de solitude j\u2019ai tap\u00e9 les mots\u00a0\u00ab\u00a0compagnes de pr\u00eatre\u00a0\u00bb et l\u00e0 d\u2019un coup j\u2019ai su officiellement que je n\u2019\u00e9tais pas seule.","og_url":"https:\/\/plein-jour.eu\/wordpress\/charlotte-temoignage\/","og_site_name":"PLEIN JOUR - Libres d&#039;aimer","article_published_time":"2025-02-12T11:42:35+00:00","author":"Plein Jour","twitter_card":"summary_large_image","twitter_misc":{"\u00c9crit par":"Plein Jour"},"schema":{"@context":"https:\/\/schema.org","@graph":[{"@type":"Article","@id":"https:\/\/plein-jour.eu\/wordpress\/charlotte-temoignage\/#article","isPartOf":{"@id":"https:\/\/plein-jour.eu\/wordpress\/charlotte-temoignage\/"},"author":{"name":"Plein Jour","@id":"https:\/\/plein-jour.eu\/wordpress\/#\/schema\/person\/08786bf6936190834e41dbb642a8ec2d"},"headline":"Charlotte t\u00e9moignage","datePublished":"2025-02-12T11:42:35+00:00","mainEntityOfPage":{"@id":"https:\/\/plein-jour.eu\/wordpress\/charlotte-temoignage\/"},"wordCount":635,"publisher":{"@id":"https:\/\/plein-jour.eu\/wordpress\/#organization"},"articleSection":["T\u00e9moignages"],"inLanguage":"fr-FR"},{"@type":"WebPage","@id":"https:\/\/plein-jour.eu\/wordpress\/charlotte-temoignage\/","url":"https:\/\/plein-jour.eu\/wordpress\/charlotte-temoignage\/","name":"Charlotte t\u00e9moignage - PLEIN JOUR - Libres d&#039;aimer","isPartOf":{"@id":"https:\/\/plein-jour.eu\/wordpress\/#website"},"datePublished":"2025-02-12T11:42:35+00:00","description":"Un jour de d\u00e9sespoir, de solitude j\u2019ai tap\u00e9 les mots\u00a0\u00ab\u00a0compagnes de pr\u00eatre\u00a0\u00bb et l\u00e0 d\u2019un coup j\u2019ai su officiellement que je n\u2019\u00e9tais pas seule.","breadcrumb":{"@id":"https:\/\/plein-jour.eu\/wordpress\/charlotte-temoignage\/#breadcrumb"},"inLanguage":"fr-FR","potentialAction":[{"@type":"ReadAction","target":["https:\/\/plein-jour.eu\/wordpress\/charlotte-temoignage\/"]}]},{"@type":"BreadcrumbList","@id":"https:\/\/plein-jour.eu\/wordpress\/charlotte-temoignage\/#breadcrumb","itemListElement":[{"@type":"ListItem","position":1,"name":"Accueil","item":"https:\/\/plein-jour.eu\/wordpress\/"},{"@type":"ListItem","position":2,"name":"Charlotte t\u00e9moignage"}]},{"@type":"WebSite","@id":"https:\/\/plein-jour.eu\/wordpress\/#website","url":"https:\/\/plein-jour.eu\/wordpress\/","name":"Association Plein Jour","description":"Association de soutien pour les compagnes de Pr\u00eatres - A votre \u00e9coute au 06 84 59 06 01","publisher":{"@id":"https:\/\/plein-jour.eu\/wordpress\/#organization"},"potentialAction":[{"@type":"SearchAction","target":{"@type":"EntryPoint","urlTemplate":"https:\/\/plein-jour.eu\/wordpress\/?s={search_term_string}"},"query-input":{"@type":"PropertyValueSpecification","valueRequired":true,"valueName":"search_term_string"}}],"inLanguage":"fr-FR"},{"@type":"Organization","@id":"https:\/\/plein-jour.eu\/wordpress\/#organization","name":"Plein Jour","url":"https:\/\/plein-jour.eu\/wordpress\/","logo":{"@type":"ImageObject","inLanguage":"fr-FR","@id":"https:\/\/plein-jour.eu\/wordpress\/#\/schema\/logo\/image\/","url":"https:\/\/plein-jour.eu\/wordpress\/wp-content\/uploads\/2020\/10\/Logo-coq-Plein-Jour-e1603696172827.png","contentUrl":"https:\/\/plein-jour.eu\/wordpress\/wp-content\/uploads\/2020\/10\/Logo-coq-Plein-Jour-e1603696172827.png","width":500,"height":374,"caption":"Plein Jour"},"image":{"@id":"https:\/\/plein-jour.eu\/wordpress\/#\/schema\/logo\/image\/"}},{"@type":"Person","@id":"https:\/\/plein-jour.eu\/wordpress\/#\/schema\/person\/08786bf6936190834e41dbb642a8ec2d","name":"Plein Jour","url":"https:\/\/plein-jour.eu\/wordpress\/author\/admin_pleinjour_eu\/"}]}},"jetpack_featured_media_url":"","jetpack_sharing_enabled":true,"_links":{"self":[{"href":"https:\/\/plein-jour.eu\/wordpress\/wp-json\/wp\/v2\/posts\/1583","targetHints":{"allow":["GET"]}}],"collection":[{"href":"https:\/\/plein-jour.eu\/wordpress\/wp-json\/wp\/v2\/posts"}],"about":[{"href":"https:\/\/plein-jour.eu\/wordpress\/wp-json\/wp\/v2\/types\/post"}],"author":[{"embeddable":true,"href":"https:\/\/plein-jour.eu\/wordpress\/wp-json\/wp\/v2\/users\/1"}],"replies":[{"embeddable":true,"href":"https:\/\/plein-jour.eu\/wordpress\/wp-json\/wp\/v2\/comments?post=1583"}],"version-history":[{"count":0,"href":"https:\/\/plein-jour.eu\/wordpress\/wp-json\/wp\/v2\/posts\/1583\/revisions"}],"wp:attachment":[{"href":"https:\/\/plein-jour.eu\/wordpress\/wp-json\/wp\/v2\/media?parent=1583"}],"wp:term":[{"taxonomy":"category","embeddable":true,"href":"https:\/\/plein-jour.eu\/wordpress\/wp-json\/wp\/v2\/categories?post=1583"},{"taxonomy":"post_tag","embeddable":true,"href":"https:\/\/plein-jour.eu\/wordpress\/wp-json\/wp\/v2\/tags?post=1583"}],"curies":[{"name":"wp","href":"https:\/\/api.w.org\/{rel}","templated":true}]}}