{"id":218,"date":"2012-11-11T09:40:51","date_gmt":"2012-11-11T08:40:51","guid":{"rendered":"http:\/\/ccomca01.free.fr\/?p=218"},"modified":"2026-02-16T15:09:52","modified_gmt":"2026-02-16T14:09:52","slug":"celibat-mariage-des-pretres","status":"publish","type":"post","link":"https:\/\/plein-jour.eu\/wordpress\/celibat-mariage-des-pretres\/","title":{"rendered":"C\u00e9libat \/ Mariage des pr\u00eatres"},"content":{"rendered":"<p><strong>Un silence organis\u00e9 , une d\u00e9sinformation entretenue&nbsp;!<\/strong><\/p>\n<p>Depuis 1139 (2\u00e8me concile du Latran), l&rsquo;Eglise catholique romaine (ECR) impose \u00e0 ceux qui veulent exercer la fonction de \u00a0pr\u00eatres un c\u00e9libat, qui n&rsquo;a aucun fondement th\u00e9ologique. Nombre d&rsquo;entre eux ont toujours transgress\u00e9 cette r\u00e8gle de discipline.<br \/>\nVoir\u00a0<a title=\"SAGA 6 Histoire du c\u00e9libat dans l\u2019ECR\/ par Pierre Pierrard, historien\" href=\"https:\/\/plein-jour.eu\/wordpress\/saga-6-histoire-du-celibat-dans-lecr-par-pierre-pierrard-historien\/\" target=\"_blank\" rel=\"noopener noreferrer\"> <strong>les r\u00e9flexions d&rsquo;un historien chr\u00e9tien, Pierre Pierrard, sur le c\u00e9libat des pr\u00eatres<\/strong><\/a><em><a title=\"SAGA 6 Histoire du c\u00e9libat dans l\u2019ECR\/ par Pierre Pierrard, historien\" href=\"https:\/\/plein-jour.eu\/wordpress\/saga-6-histoire-du-celibat-dans-lecr-par-pierre-pierrard-historien\/\" target=\"_blank\" rel=\"noopener noreferrer\">.<\/a>\u00a0 <\/em><\/p>\n<p>La plupart des eccl\u00e9siastiques concern\u00e9s, \u00e0 la fois victimes et complices, se taisent. S&rsquo;ils acceptaient de t\u00e9moigner en public de leur situation, ils seraient en effet mis en demeure par leur hi\u00e9rarchie de choisir entre leur compagne et leur fonction.<\/p>\n<p>Le d\u00e9calage est de plus en plus grand entre ce que l&rsquo;on veut faire croire aux chr\u00e9tiens sur la fa\u00e7on dont vivent beaucoup de leurs pr\u00eatres et la r\u00e9alit\u00e9, occult\u00e9e par les autorit\u00e9s sup\u00e9rieures de l&rsquo;Eglise.<br \/>\n<strong>Les femmes concern\u00e9es disent NON<\/strong><br \/>\nLa d\u00e9sinformation entretenue sur les pr\u00eatres qui vivent secr\u00e8tement avec une femme a des cons\u00e9quences sur le plan eccl\u00e9sial, mais aussi sur la vie des femmes concern\u00e9es.<br \/>\nDevant l&rsquo;immobilisme de leurs compagnons, quelques-unes de ces \u00ab\u00a0clandestines\u00a0\u00bb ont d\u00e9cid\u00e9 de r\u00e9agir d&rsquo;abord au sein\u00a0 de l&rsquo;Association \u00ab\u00a0<strong>CLAIRE-VOIE<\/strong>\u00a0\u00bb\u00a0 Pr\u00e9sidente&nbsp;: Odette Desfonds, auteur des ouvrages\u00a0 <strong> <em>\u00ab\u00a0Les Folles de la place St-Pierre\u00a0\u00bb <\/em>\u00a0<\/strong>Editions Golias et<strong> \u00ab\u00a0<em>Rivales de Dieu\u00a0\u00bb <\/em>\u00a0<\/strong>chez Albin Michel ou livre de poche.<br \/>\nPuis en fondant PLEIN JOUR, elles ont souhait\u00e9 associer celles qui, par leur relation d&rsquo;amour avec un pr\u00eatre, souffrent des cons\u00e9quences d&rsquo;une r\u00e8gle qu&rsquo;elles n&rsquo;ont pas choisie.<br \/>\nObjectifs de l&rsquo;Association PJ&nbsp;:<\/p>\n<ul>\n<li>s&rsquo;entraider, se soutenir, se dynamiser mutuellement<\/li>\n<li>\u0153uvrer dans une double direction (intra et extra eccl\u00e9siale) pour l&rsquo;abolition de la r\u00e8gle du c\u00e9libat eccl\u00e9siastique impos\u00e9 aux pr\u00eatres dans l&rsquo;Eglise catholique romaine.<\/li>\n<li>mais aussi, en particulier, <em><strong> les \u00e9pouses de pr\u00eatres <\/strong><\/em>: la plupart, pendant un temps plus ou moins long, ont v\u00e9cu une relation clandestine avec leur \u00e9poux actuel, avant que celui-ci, pour pouvoir se marier, n\u2019ait \u00e9t\u00e9 oblig\u00e9 de renoncer \u00e0 son minist\u00e8re.<\/li>\n<\/ul>\n<p>&nbsp;<\/p>","protected":false},"excerpt":{"rendered":"<p>Un silence organis\u00e9 , une d\u00e9sinformation entretenue&nbsp;! Depuis 1139 (2\u00e8me &hellip; <\/p>","protected":false},"author":1,"featured_media":0,"comment_status":"closed","ping_status":"closed","sticky":false,"template":"","format":"standard","meta":{"_jetpack_memberships_contains_paid_content":false,"footnotes":""},"categories":[4],"tags":[],"class_list":["post-218","post","type-post","status-publish","format-standard","hentry","category-documents"],"yoast_head":"<!-- This site is optimized with the Yoast SEO plugin v27.5 - https:\/\/yoast.com\/product\/yoast-seo-wordpress\/ -->\n<title>C\u00e9libat \/ Mariage des pr\u00eatres - PLEIN JOUR - Libres d&#039;aimer<\/title>\n<meta name=\"robots\" content=\"index, follow, max-snippet:-1, max-image-preview:large, max-video-preview:-1\" \/>\n<link rel=\"canonical\" href=\"https:\/\/plein-jour.eu\/wordpress\/celibat-mariage-des-pretres\/\" \/>\n<meta property=\"og:locale\" content=\"fr_FR\" \/>\n<meta property=\"og:type\" content=\"article\" \/>\n<meta property=\"og:title\" content=\"C\u00e9libat \/ Mariage des pr\u00eatres - PLEIN JOUR - Libres d&#039;aimer\" \/>\n<meta property=\"og:description\" content=\"Un silence organis\u00e9 , une d\u00e9sinformation entretenue&nbsp;! Depuis 1139 (2\u00e8me &hellip;\" \/>\n<meta property=\"og:url\" content=\"https:\/\/plein-jour.eu\/wordpress\/celibat-mariage-des-pretres\/\" \/>\n<meta property=\"og:site_name\" content=\"PLEIN JOUR - Libres d&#039;aimer\" \/>\n<meta property=\"article:published_time\" content=\"2012-11-11T08:40:51+00:00\" \/>\n<meta property=\"article:modified_time\" content=\"2026-02-16T14:09:52+00:00\" \/>\n<meta name=\"author\" content=\"Plein Jour\" \/>\n<meta name=\"twitter:card\" content=\"summary_large_image\" \/>\n<meta name=\"twitter:label1\" content=\"\u00c9crit par\" \/>\n\t<meta name=\"twitter:data1\" content=\"Plein Jour\" \/>\n\t<meta name=\"twitter:label2\" content=\"Dur\u00e9e de lecture estim\u00e9e\" \/>\n\t<meta name=\"twitter:data2\" content=\"2 minutes\" \/>\n<script type=\"application\/ld+json\" class=\"yoast-schema-graph\">{\"@context\":\"https:\\\/\\\/schema.org\",\"@graph\":[{\"@type\":\"Article\",\"@id\":\"https:\\\/\\\/plein-jour.eu\\\/wordpress\\\/celibat-mariage-des-pretres\\\/#article\",\"isPartOf\":{\"@id\":\"https:\\\/\\\/plein-jour.eu\\\/wordpress\\\/celibat-mariage-des-pretres\\\/\"},\"author\":{\"name\":\"Plein Jour\",\"@id\":\"https:\\\/\\\/plein-jour.eu\\\/wordpress\\\/#\\\/schema\\\/person\\\/08786bf6936190834e41dbb642a8ec2d\"},\"headline\":\"C\u00e9libat \\\/ Mariage des pr\u00eatres\",\"datePublished\":\"2012-11-11T08:40:51+00:00\",\"dateModified\":\"2026-02-16T14:09:52+00:00\",\"mainEntityOfPage\":{\"@id\":\"https:\\\/\\\/plein-jour.eu\\\/wordpress\\\/celibat-mariage-des-pretres\\\/\"},\"wordCount\":374,\"publisher\":{\"@id\":\"https:\\\/\\\/plein-jour.eu\\\/wordpress\\\/#organization\"},\"articleSection\":[\"Documents\"],\"inLanguage\":\"fr-FR\"},{\"@type\":\"WebPage\",\"@id\":\"https:\\\/\\\/plein-jour.eu\\\/wordpress\\\/celibat-mariage-des-pretres\\\/\",\"url\":\"https:\\\/\\\/plein-jour.eu\\\/wordpress\\\/celibat-mariage-des-pretres\\\/\",\"name\":\"C\u00e9libat \\\/ Mariage des pr\u00eatres - PLEIN JOUR - Libres d&#039;aimer\",\"isPartOf\":{\"@id\":\"https:\\\/\\\/plein-jour.eu\\\/wordpress\\\/#website\"},\"datePublished\":\"2012-11-11T08:40:51+00:00\",\"dateModified\":\"2026-02-16T14:09:52+00:00\",\"breadcrumb\":{\"@id\":\"https:\\\/\\\/plein-jour.eu\\\/wordpress\\\/celibat-mariage-des-pretres\\\/#breadcrumb\"},\"inLanguage\":\"fr-FR\",\"potentialAction\":[{\"@type\":\"ReadAction\",\"target\":[\"https:\\\/\\\/plein-jour.eu\\\/wordpress\\\/celibat-mariage-des-pretres\\\/\"]}]},{\"@type\":\"BreadcrumbList\",\"@id\":\"https:\\\/\\\/plein-jour.eu\\\/wordpress\\\/celibat-mariage-des-pretres\\\/#breadcrumb\",\"itemListElement\":[{\"@type\":\"ListItem\",\"position\":1,\"name\":\"Accueil\",\"item\":\"https:\\\/\\\/plein-jour.eu\\\/wordpress\\\/\"},{\"@type\":\"ListItem\",\"position\":2,\"name\":\"C\u00e9libat \\\/ Mariage des pr\u00eatres\"}]},{\"@type\":\"WebSite\",\"@id\":\"https:\\\/\\\/plein-jour.eu\\\/wordpress\\\/#website\",\"url\":\"https:\\\/\\\/plein-jour.eu\\\/wordpress\\\/\",\"name\":\"Association Plein Jour\",\"description\":\"Association de soutien pour les compagnes de Pr\u00eatres - A votre \u00e9coute au 06 84 59 06 01\",\"publisher\":{\"@id\":\"https:\\\/\\\/plein-jour.eu\\\/wordpress\\\/#organization\"},\"potentialAction\":[{\"@type\":\"SearchAction\",\"target\":{\"@type\":\"EntryPoint\",\"urlTemplate\":\"https:\\\/\\\/plein-jour.eu\\\/wordpress\\\/?s={search_term_string}\"},\"query-input\":{\"@type\":\"PropertyValueSpecification\",\"valueRequired\":true,\"valueName\":\"search_term_string\"}}],\"inLanguage\":\"fr-FR\"},{\"@type\":\"Organization\",\"@id\":\"https:\\\/\\\/plein-jour.eu\\\/wordpress\\\/#organization\",\"name\":\"Plein Jour\",\"url\":\"https:\\\/\\\/plein-jour.eu\\\/wordpress\\\/\",\"logo\":{\"@type\":\"ImageObject\",\"inLanguage\":\"fr-FR\",\"@id\":\"https:\\\/\\\/plein-jour.eu\\\/wordpress\\\/#\\\/schema\\\/logo\\\/image\\\/\",\"url\":\"https:\\\/\\\/plein-jour.eu\\\/wordpress\\\/wp-content\\\/uploads\\\/2020\\\/10\\\/Logo-coq-Plein-Jour-e1603696172827.png\",\"contentUrl\":\"https:\\\/\\\/plein-jour.eu\\\/wordpress\\\/wp-content\\\/uploads\\\/2020\\\/10\\\/Logo-coq-Plein-Jour-e1603696172827.png\",\"width\":500,\"height\":374,\"caption\":\"Plein Jour\"},\"image\":{\"@id\":\"https:\\\/\\\/plein-jour.eu\\\/wordpress\\\/#\\\/schema\\\/logo\\\/image\\\/\"}},{\"@type\":\"Person\",\"@id\":\"https:\\\/\\\/plein-jour.eu\\\/wordpress\\\/#\\\/schema\\\/person\\\/08786bf6936190834e41dbb642a8ec2d\",\"name\":\"Plein Jour\",\"url\":\"https:\\\/\\\/plein-jour.eu\\\/wordpress\\\/author\\\/admin_pleinjour_eu\\\/\"}]}<\/script>\n<!-- \/ Yoast SEO plugin. -->","yoast_head_json":{"title":"C\u00e9libat \/ Mariage des pr\u00eatres - PLEIN JOUR - Libres d&#039;aimer","robots":{"index":"index","follow":"follow","max-snippet":"max-snippet:-1","max-image-preview":"max-image-preview:large","max-video-preview":"max-video-preview:-1"},"canonical":"https:\/\/plein-jour.eu\/wordpress\/celibat-mariage-des-pretres\/","og_locale":"fr_FR","og_type":"article","og_title":"C\u00e9libat \/ Mariage des pr\u00eatres - PLEIN JOUR - Libres d&#039;aimer","og_description":"Un silence organis\u00e9 , une d\u00e9sinformation entretenue&nbsp;! Depuis 1139 (2\u00e8me &hellip;","og_url":"https:\/\/plein-jour.eu\/wordpress\/celibat-mariage-des-pretres\/","og_site_name":"PLEIN JOUR - Libres d&#039;aimer","article_published_time":"2012-11-11T08:40:51+00:00","article_modified_time":"2026-02-16T14:09:52+00:00","author":"Plein Jour","twitter_card":"summary_large_image","twitter_misc":{"\u00c9crit par":"Plein Jour","Dur\u00e9e de lecture estim\u00e9e":"2 minutes"},"schema":{"@context":"https:\/\/schema.org","@graph":[{"@type":"Article","@id":"https:\/\/plein-jour.eu\/wordpress\/celibat-mariage-des-pretres\/#article","isPartOf":{"@id":"https:\/\/plein-jour.eu\/wordpress\/celibat-mariage-des-pretres\/"},"author":{"name":"Plein Jour","@id":"https:\/\/plein-jour.eu\/wordpress\/#\/schema\/person\/08786bf6936190834e41dbb642a8ec2d"},"headline":"C\u00e9libat \/ Mariage des pr\u00eatres","datePublished":"2012-11-11T08:40:51+00:00","dateModified":"2026-02-16T14:09:52+00:00","mainEntityOfPage":{"@id":"https:\/\/plein-jour.eu\/wordpress\/celibat-mariage-des-pretres\/"},"wordCount":374,"publisher":{"@id":"https:\/\/plein-jour.eu\/wordpress\/#organization"},"articleSection":["Documents"],"inLanguage":"fr-FR"},{"@type":"WebPage","@id":"https:\/\/plein-jour.eu\/wordpress\/celibat-mariage-des-pretres\/","url":"https:\/\/plein-jour.eu\/wordpress\/celibat-mariage-des-pretres\/","name":"C\u00e9libat \/ Mariage des pr\u00eatres - PLEIN JOUR - Libres d&#039;aimer","isPartOf":{"@id":"https:\/\/plein-jour.eu\/wordpress\/#website"},"datePublished":"2012-11-11T08:40:51+00:00","dateModified":"2026-02-16T14:09:52+00:00","breadcrumb":{"@id":"https:\/\/plein-jour.eu\/wordpress\/celibat-mariage-des-pretres\/#breadcrumb"},"inLanguage":"fr-FR","potentialAction":[{"@type":"ReadAction","target":["https:\/\/plein-jour.eu\/wordpress\/celibat-mariage-des-pretres\/"]}]},{"@type":"BreadcrumbList","@id":"https:\/\/plein-jour.eu\/wordpress\/celibat-mariage-des-pretres\/#breadcrumb","itemListElement":[{"@type":"ListItem","position":1,"name":"Accueil","item":"https:\/\/plein-jour.eu\/wordpress\/"},{"@type":"ListItem","position":2,"name":"C\u00e9libat \/ Mariage des pr\u00eatres"}]},{"@type":"WebSite","@id":"https:\/\/plein-jour.eu\/wordpress\/#website","url":"https:\/\/plein-jour.eu\/wordpress\/","name":"Association Plein Jour","description":"Association de soutien pour les compagnes de Pr\u00eatres - A votre \u00e9coute au 06 84 59 06 01","publisher":{"@id":"https:\/\/plein-jour.eu\/wordpress\/#organization"},"potentialAction":[{"@type":"SearchAction","target":{"@type":"EntryPoint","urlTemplate":"https:\/\/plein-jour.eu\/wordpress\/?s={search_term_string}"},"query-input":{"@type":"PropertyValueSpecification","valueRequired":true,"valueName":"search_term_string"}}],"inLanguage":"fr-FR"},{"@type":"Organization","@id":"https:\/\/plein-jour.eu\/wordpress\/#organization","name":"Plein Jour","url":"https:\/\/plein-jour.eu\/wordpress\/","logo":{"@type":"ImageObject","inLanguage":"fr-FR","@id":"https:\/\/plein-jour.eu\/wordpress\/#\/schema\/logo\/image\/","url":"https:\/\/plein-jour.eu\/wordpress\/wp-content\/uploads\/2020\/10\/Logo-coq-Plein-Jour-e1603696172827.png","contentUrl":"https:\/\/plein-jour.eu\/wordpress\/wp-content\/uploads\/2020\/10\/Logo-coq-Plein-Jour-e1603696172827.png","width":500,"height":374,"caption":"Plein Jour"},"image":{"@id":"https:\/\/plein-jour.eu\/wordpress\/#\/schema\/logo\/image\/"}},{"@type":"Person","@id":"https:\/\/plein-jour.eu\/wordpress\/#\/schema\/person\/08786bf6936190834e41dbb642a8ec2d","name":"Plein Jour","url":"https:\/\/plein-jour.eu\/wordpress\/author\/admin_pleinjour_eu\/"}]}},"jetpack_featured_media_url":"","jetpack_sharing_enabled":true,"_links":{"self":[{"href":"https:\/\/plein-jour.eu\/wordpress\/wp-json\/wp\/v2\/posts\/218","targetHints":{"allow":["GET"]}}],"collection":[{"href":"https:\/\/plein-jour.eu\/wordpress\/wp-json\/wp\/v2\/posts"}],"about":[{"href":"https:\/\/plein-jour.eu\/wordpress\/wp-json\/wp\/v2\/types\/post"}],"author":[{"embeddable":true,"href":"https:\/\/plein-jour.eu\/wordpress\/wp-json\/wp\/v2\/users\/1"}],"replies":[{"embeddable":true,"href":"https:\/\/plein-jour.eu\/wordpress\/wp-json\/wp\/v2\/comments?post=218"}],"version-history":[{"count":0,"href":"https:\/\/plein-jour.eu\/wordpress\/wp-json\/wp\/v2\/posts\/218\/revisions"}],"wp:attachment":[{"href":"https:\/\/plein-jour.eu\/wordpress\/wp-json\/wp\/v2\/media?parent=218"}],"wp:term":[{"taxonomy":"category","embeddable":true,"href":"https:\/\/plein-jour.eu\/wordpress\/wp-json\/wp\/v2\/categories?post=218"},{"taxonomy":"post_tag","embeddable":true,"href":"https:\/\/plein-jour.eu\/wordpress\/wp-json\/wp\/v2\/tags?post=218"}],"curies":[{"name":"wp","href":"https:\/\/api.w.org\/{rel}","templated":true}]}}