{"id":23,"date":"2012-09-25T15:10:45","date_gmt":"2012-09-25T14:10:45","guid":{"rendered":"http:\/\/commandespierre.free.fr\/?p=23"},"modified":"2012-09-25T15:10:45","modified_gmt":"2012-09-25T14:10:45","slug":"lettre-de-leon-laclau-a-leveque-de-bayonne","status":"publish","type":"post","link":"https:\/\/plein-jour.eu\/wordpress\/lettre-de-leon-laclau-a-leveque-de-bayonne\/","title":{"rendered":"Lettre de L\u00e9on Laclau \u00e0 l&rsquo;\u00e9v\u00eaque de Bayonne"},"content":{"rendered":"<p style=\"text-align: right;\">\u00a004 juin 2007<\/p>\n<p style=\"text-align: center;\">A Monsieur Pierre Mol\u00e8res, \u00c9v\u00eaque de Bayonne<\/p>\n<p>P\u00e8re,<\/p>\n<p>Le 23 avril, c\u2019est d\u00e9j\u00e0 bien loin\u2026 pour certains. Vous avez eu le temps de tourner la page du \u00ab\u00a0cur\u00e9 d\u2019Asson\u00a0\u00bb, une page que j\u2019imagine plus emb\u00eatante que douloureuse pour vous.<\/p>\n<p>L\u2019Ouzoum s\u2019est apais\u00e9. Le torrent \u00ab&nbsp;ne charrie plus de boue et de d\u00e9bris de toues sortes&nbsp;\u00bb pour reprendre l\u2019expression du Sup\u00e9rieur provincial des P\u00e8res de B\u00e9tharram.<\/p>\n<p>Pour moi, ces cinq semaines qui me s\u00e9parent du 23 avril sont inscrites dans la m\u00e9moire vive.<\/p>\n<p>Je n\u2019oublie pas que c\u2019est vous, autorit\u00e9 dioc\u00e9saine, qui m\u2019avez sanctionn\u00e9 mais que vous n\u2019avez pas eu la correction de m\u2019apporter la lettre de la sanction. Vous avez pr\u00e9f\u00e9r\u00e9 me la transmettre par une autre instance, celle de ma congr\u00e9gation.<\/p>\n<p>Je n\u2019oublie pas que votre silence \u00e0 mon \u00e9gard reste pour moi un signe de bien peu d\u2019humanit\u00e9, pour ne pas dire un signe de m\u00e9pris. Je n\u2019oublie pas, et fort heureusement, ces voix innombrables qui se sont lev\u00e9es dans le Pi\u00e9mont et bien au-del\u00e0 du Pi\u00e9mont pour m\u2019apporter, nous apporter, soutien et r\u00e9confort. \u00ab&nbsp;vous avez tout fait pour que ces voix se l\u00e8vent&nbsp;\u00bb, me direz-vous\u2026 Trop facile, ce r\u00e9flexe d\u2019autod\u00e9fense, surtout de la part de tous ceux qui ont pr\u00e9f\u00e9r\u00e9 rester dans l\u2019ombre, derri\u00e8re les coupures de journaux, les flash info ou les sites Internet, plut\u00f4t que de venir sur le terrain pour voir et \u00e9couter.<\/p>\n<p>Je n\u2019oublie pas non plus ces centaines de courrier, de messages t\u00e9l\u00e9phoniques, de mails qui nous ont exprim\u00e9 leur soutien, leur amiti\u00e9 mais aussi leur r\u00e9volte face \u00e0 une Eglise qui respire l\u2019hypocrisie. J\u2019ai des t\u00e9moignages terribles d\u2019hommes, des femmes, de pr\u00eatres qui ont souffert et qui souffrent encore. Certains mettent en cause des pr\u00eatres de l\u2019Eglise dioc\u00e9saine de Bayonne ou d\u2019autres dioc\u00e8ses. Quand je pense \u00e0 eux, et que je les vois si fiers lors de r\u00e9unions ou de conc\u00e9l\u00e9brations, la naus\u00e9e me gagne.<\/p>\n<p>Je n\u2019oublie pas enfin, votre attitude d\u00e9missionnaire face \u00e0 vos responsabilit\u00e9s de pasteur.<\/p>\n<p>Heureusement que L\u00e9on Laclau est religieux&nbsp;! \u00ab&nbsp;or un religieux ne peut pas vivre dans le concubinage de fa\u00e7on notoire ou secr\u00e8te&nbsp;\u00bb (lettre de r\u00e9vocation du 23 avril 2007).<\/p>\n<p>Certes, le v\u0153u de chastet\u00e9 et la discipline du c\u00e9libat ne sont pas du m\u00eame ordre, mais dans les faits, c\u2019est la m\u00eame chose, c\u2019est le m\u00eame engagement. Vous pensez tromper les gens en jouant avec les mots de chastet\u00e9 et de c\u00e9libat&nbsp;? mais les gens ne se trompent pas car en ce domaine, ils n\u2019ont pas besoin qu\u2019on leur fasse des dessins. Ils savent ce que vivent certains de vos pr\u00eatres, jusque dans la Plaine de Nay. Mais leur situation est plus facile \u00e0 g\u00e9rer. Vous n\u2019aurez pas une congr\u00e9gation qui vous poussera au pied du mur et qui vous pourrez encore et encore continuer \u00e0 faire comme si vous n\u2019entendiez rien et ne voyiez rien. C\u2019est donc, bien vrai, un s\u00e9culier n\u2019est pas un religieux\u2026<\/p>\n<p>Comme vous avez d\u00fb vous en rendre compte, pendant tout ce temps de m\u00e9diatisation, je n\u2019ai agress\u00e9, en aucun moment, ni l\u2019institution de l\u2019Eglise, ni ses responsables. Jamais je n\u2019ai v\u00e9cu ma situation dans un esprit de militantisme et mon amour pour Marga et ses enfants n\u2019a pas alt\u00e9r\u00e9 ma passion pour l\u2019\u00c9vangile et pour l\u2019Eglise. C\u2019est bien cela que la population a voulu exprimer si fortement.<\/p>\n<p>Par contre, votre attitude de \u00ab&nbsp;gardien de la discipline&nbsp;\u00bb me heurte&nbsp;: je me sens agress\u00e9 \u00e0 la fois par votre silence m\u00e9prisant et par vos paroles empreintes d\u2019hypocrisie. C\u2019est pourquoi, je me donne \u00e0 pr\u00e9sent le droit de parler de ce que j\u2019ai entendu et lu ces derniers temps et de ce que je vois encore. Je me donne aussi le droit de faire circuler ce courrier que je vous envoie.<\/p>\n<p>Je sais que vous allez dans quelques jours prendre la route vers Asson. Dommage que vous ne l\u2019ayez pas prise dans la p\u00e9riode o\u00f9 la cour du presbyt\u00e8re ne d\u00e9semplissait pas d\u2019enfants, de jeunes, d\u2019adultes, de papis et de mamies venant m\u2019apporter, nous apporter, des paroles de soutien.<\/p>\n<p>Pour chacun de nous, la route continue&nbsp;: beti aintzina&nbsp;!<\/p>\n<p>L\u00e9on Laclau<\/p>\n<p>&nbsp;<\/p>","protected":false},"excerpt":{"rendered":"<p>\u00a004 juin 2007 A Monsieur Pierre Mol\u00e8res, \u00c9v\u00eaque de Bayonne &hellip; <\/p>","protected":false},"author":1,"featured_media":0,"comment_status":"closed","ping_status":"closed","sticky":false,"template":"","format":"standard","meta":{"_jetpack_memberships_contains_paid_content":false,"footnotes":""},"categories":[7],"tags":[],"class_list":["post-23","post","type-post","status-publish","format-standard","hentry","category-temoignages"],"yoast_head":"<!-- This site is optimized with the Yoast SEO plugin v27.5 - https:\/\/yoast.com\/product\/yoast-seo-wordpress\/ -->\n<title>Lettre de L\u00e9on Laclau \u00e0 l&#039;\u00e9v\u00eaque de Bayonne - PLEIN JOUR - Libres d&#039;aimer<\/title>\n<meta name=\"robots\" content=\"index, follow, max-snippet:-1, max-image-preview:large, max-video-preview:-1\" \/>\n<link rel=\"canonical\" href=\"https:\/\/plein-jour.eu\/wordpress\/lettre-de-leon-laclau-a-leveque-de-bayonne\/\" \/>\n<meta property=\"og:locale\" content=\"fr_FR\" \/>\n<meta property=\"og:type\" content=\"article\" \/>\n<meta property=\"og:title\" content=\"Lettre de L\u00e9on Laclau \u00e0 l&#039;\u00e9v\u00eaque de Bayonne - PLEIN JOUR - Libres d&#039;aimer\" \/>\n<meta property=\"og:description\" content=\"\u00a004 juin 2007 A Monsieur Pierre Mol\u00e8res, \u00c9v\u00eaque de Bayonne &hellip;\" \/>\n<meta property=\"og:url\" content=\"https:\/\/plein-jour.eu\/wordpress\/lettre-de-leon-laclau-a-leveque-de-bayonne\/\" \/>\n<meta property=\"og:site_name\" content=\"PLEIN JOUR - Libres d&#039;aimer\" \/>\n<meta property=\"article:published_time\" content=\"2012-09-25T14:10:45+00:00\" \/>\n<meta name=\"author\" content=\"Plein Jour\" \/>\n<meta name=\"twitter:card\" content=\"summary_large_image\" \/>\n<meta name=\"twitter:label1\" content=\"\u00c9crit par\" \/>\n\t<meta name=\"twitter:data1\" content=\"Plein Jour\" \/>\n\t<meta name=\"twitter:label2\" content=\"Dur\u00e9e de lecture estim\u00e9e\" \/>\n\t<meta name=\"twitter:data2\" content=\"4 minutes\" \/>\n<script type=\"application\/ld+json\" class=\"yoast-schema-graph\">{\"@context\":\"https:\\\/\\\/schema.org\",\"@graph\":[{\"@type\":\"Article\",\"@id\":\"https:\\\/\\\/plein-jour.eu\\\/wordpress\\\/lettre-de-leon-laclau-a-leveque-de-bayonne\\\/#article\",\"isPartOf\":{\"@id\":\"https:\\\/\\\/plein-jour.eu\\\/wordpress\\\/lettre-de-leon-laclau-a-leveque-de-bayonne\\\/\"},\"author\":{\"name\":\"Plein Jour\",\"@id\":\"https:\\\/\\\/plein-jour.eu\\\/wordpress\\\/#\\\/schema\\\/person\\\/08786bf6936190834e41dbb642a8ec2d\"},\"headline\":\"Lettre de L\u00e9on Laclau \u00e0 l&rsquo;\u00e9v\u00eaque de Bayonne\",\"datePublished\":\"2012-09-25T14:10:45+00:00\",\"mainEntityOfPage\":{\"@id\":\"https:\\\/\\\/plein-jour.eu\\\/wordpress\\\/lettre-de-leon-laclau-a-leveque-de-bayonne\\\/\"},\"wordCount\":790,\"publisher\":{\"@id\":\"https:\\\/\\\/plein-jour.eu\\\/wordpress\\\/#organization\"},\"articleSection\":[\"T\u00e9moignages\"],\"inLanguage\":\"fr-FR\"},{\"@type\":\"WebPage\",\"@id\":\"https:\\\/\\\/plein-jour.eu\\\/wordpress\\\/lettre-de-leon-laclau-a-leveque-de-bayonne\\\/\",\"url\":\"https:\\\/\\\/plein-jour.eu\\\/wordpress\\\/lettre-de-leon-laclau-a-leveque-de-bayonne\\\/\",\"name\":\"Lettre de L\u00e9on Laclau \u00e0 l'\u00e9v\u00eaque de Bayonne - PLEIN JOUR - Libres d&#039;aimer\",\"isPartOf\":{\"@id\":\"https:\\\/\\\/plein-jour.eu\\\/wordpress\\\/#website\"},\"datePublished\":\"2012-09-25T14:10:45+00:00\",\"breadcrumb\":{\"@id\":\"https:\\\/\\\/plein-jour.eu\\\/wordpress\\\/lettre-de-leon-laclau-a-leveque-de-bayonne\\\/#breadcrumb\"},\"inLanguage\":\"fr-FR\",\"potentialAction\":[{\"@type\":\"ReadAction\",\"target\":[\"https:\\\/\\\/plein-jour.eu\\\/wordpress\\\/lettre-de-leon-laclau-a-leveque-de-bayonne\\\/\"]}]},{\"@type\":\"BreadcrumbList\",\"@id\":\"https:\\\/\\\/plein-jour.eu\\\/wordpress\\\/lettre-de-leon-laclau-a-leveque-de-bayonne\\\/#breadcrumb\",\"itemListElement\":[{\"@type\":\"ListItem\",\"position\":1,\"name\":\"Accueil\",\"item\":\"https:\\\/\\\/plein-jour.eu\\\/wordpress\\\/\"},{\"@type\":\"ListItem\",\"position\":2,\"name\":\"Lettre de L\u00e9on Laclau \u00e0 l&rsquo;\u00e9v\u00eaque de Bayonne\"}]},{\"@type\":\"WebSite\",\"@id\":\"https:\\\/\\\/plein-jour.eu\\\/wordpress\\\/#website\",\"url\":\"https:\\\/\\\/plein-jour.eu\\\/wordpress\\\/\",\"name\":\"Association Plein Jour\",\"description\":\"Association de soutien pour les compagnes de Pr\u00eatres - A votre \u00e9coute au 06 84 59 06 01\",\"publisher\":{\"@id\":\"https:\\\/\\\/plein-jour.eu\\\/wordpress\\\/#organization\"},\"potentialAction\":[{\"@type\":\"SearchAction\",\"target\":{\"@type\":\"EntryPoint\",\"urlTemplate\":\"https:\\\/\\\/plein-jour.eu\\\/wordpress\\\/?s={search_term_string}\"},\"query-input\":{\"@type\":\"PropertyValueSpecification\",\"valueRequired\":true,\"valueName\":\"search_term_string\"}}],\"inLanguage\":\"fr-FR\"},{\"@type\":\"Organization\",\"@id\":\"https:\\\/\\\/plein-jour.eu\\\/wordpress\\\/#organization\",\"name\":\"Plein Jour\",\"url\":\"https:\\\/\\\/plein-jour.eu\\\/wordpress\\\/\",\"logo\":{\"@type\":\"ImageObject\",\"inLanguage\":\"fr-FR\",\"@id\":\"https:\\\/\\\/plein-jour.eu\\\/wordpress\\\/#\\\/schema\\\/logo\\\/image\\\/\",\"url\":\"https:\\\/\\\/plein-jour.eu\\\/wordpress\\\/wp-content\\\/uploads\\\/2020\\\/10\\\/Logo-coq-Plein-Jour-e1603696172827.png\",\"contentUrl\":\"https:\\\/\\\/plein-jour.eu\\\/wordpress\\\/wp-content\\\/uploads\\\/2020\\\/10\\\/Logo-coq-Plein-Jour-e1603696172827.png\",\"width\":500,\"height\":374,\"caption\":\"Plein Jour\"},\"image\":{\"@id\":\"https:\\\/\\\/plein-jour.eu\\\/wordpress\\\/#\\\/schema\\\/logo\\\/image\\\/\"}},{\"@type\":\"Person\",\"@id\":\"https:\\\/\\\/plein-jour.eu\\\/wordpress\\\/#\\\/schema\\\/person\\\/08786bf6936190834e41dbb642a8ec2d\",\"name\":\"Plein Jour\",\"url\":\"https:\\\/\\\/plein-jour.eu\\\/wordpress\\\/author\\\/admin_pleinjour_eu\\\/\"}]}<\/script>\n<!-- \/ Yoast SEO plugin. -->","yoast_head_json":{"title":"Lettre de L\u00e9on Laclau \u00e0 l'\u00e9v\u00eaque de Bayonne - PLEIN JOUR - Libres d&#039;aimer","robots":{"index":"index","follow":"follow","max-snippet":"max-snippet:-1","max-image-preview":"max-image-preview:large","max-video-preview":"max-video-preview:-1"},"canonical":"https:\/\/plein-jour.eu\/wordpress\/lettre-de-leon-laclau-a-leveque-de-bayonne\/","og_locale":"fr_FR","og_type":"article","og_title":"Lettre de L\u00e9on Laclau \u00e0 l'\u00e9v\u00eaque de Bayonne - PLEIN JOUR - Libres d&#039;aimer","og_description":"\u00a004 juin 2007 A Monsieur Pierre Mol\u00e8res, \u00c9v\u00eaque de Bayonne &hellip;","og_url":"https:\/\/plein-jour.eu\/wordpress\/lettre-de-leon-laclau-a-leveque-de-bayonne\/","og_site_name":"PLEIN JOUR - Libres d&#039;aimer","article_published_time":"2012-09-25T14:10:45+00:00","author":"Plein Jour","twitter_card":"summary_large_image","twitter_misc":{"\u00c9crit par":"Plein Jour","Dur\u00e9e de lecture estim\u00e9e":"4 minutes"},"schema":{"@context":"https:\/\/schema.org","@graph":[{"@type":"Article","@id":"https:\/\/plein-jour.eu\/wordpress\/lettre-de-leon-laclau-a-leveque-de-bayonne\/#article","isPartOf":{"@id":"https:\/\/plein-jour.eu\/wordpress\/lettre-de-leon-laclau-a-leveque-de-bayonne\/"},"author":{"name":"Plein Jour","@id":"https:\/\/plein-jour.eu\/wordpress\/#\/schema\/person\/08786bf6936190834e41dbb642a8ec2d"},"headline":"Lettre de L\u00e9on Laclau \u00e0 l&rsquo;\u00e9v\u00eaque de Bayonne","datePublished":"2012-09-25T14:10:45+00:00","mainEntityOfPage":{"@id":"https:\/\/plein-jour.eu\/wordpress\/lettre-de-leon-laclau-a-leveque-de-bayonne\/"},"wordCount":790,"publisher":{"@id":"https:\/\/plein-jour.eu\/wordpress\/#organization"},"articleSection":["T\u00e9moignages"],"inLanguage":"fr-FR"},{"@type":"WebPage","@id":"https:\/\/plein-jour.eu\/wordpress\/lettre-de-leon-laclau-a-leveque-de-bayonne\/","url":"https:\/\/plein-jour.eu\/wordpress\/lettre-de-leon-laclau-a-leveque-de-bayonne\/","name":"Lettre de L\u00e9on Laclau \u00e0 l'\u00e9v\u00eaque de Bayonne - PLEIN JOUR - Libres d&#039;aimer","isPartOf":{"@id":"https:\/\/plein-jour.eu\/wordpress\/#website"},"datePublished":"2012-09-25T14:10:45+00:00","breadcrumb":{"@id":"https:\/\/plein-jour.eu\/wordpress\/lettre-de-leon-laclau-a-leveque-de-bayonne\/#breadcrumb"},"inLanguage":"fr-FR","potentialAction":[{"@type":"ReadAction","target":["https:\/\/plein-jour.eu\/wordpress\/lettre-de-leon-laclau-a-leveque-de-bayonne\/"]}]},{"@type":"BreadcrumbList","@id":"https:\/\/plein-jour.eu\/wordpress\/lettre-de-leon-laclau-a-leveque-de-bayonne\/#breadcrumb","itemListElement":[{"@type":"ListItem","position":1,"name":"Accueil","item":"https:\/\/plein-jour.eu\/wordpress\/"},{"@type":"ListItem","position":2,"name":"Lettre de L\u00e9on Laclau \u00e0 l&rsquo;\u00e9v\u00eaque de Bayonne"}]},{"@type":"WebSite","@id":"https:\/\/plein-jour.eu\/wordpress\/#website","url":"https:\/\/plein-jour.eu\/wordpress\/","name":"Association Plein Jour","description":"Association de soutien pour les compagnes de Pr\u00eatres - A votre \u00e9coute au 06 84 59 06 01","publisher":{"@id":"https:\/\/plein-jour.eu\/wordpress\/#organization"},"potentialAction":[{"@type":"SearchAction","target":{"@type":"EntryPoint","urlTemplate":"https:\/\/plein-jour.eu\/wordpress\/?s={search_term_string}"},"query-input":{"@type":"PropertyValueSpecification","valueRequired":true,"valueName":"search_term_string"}}],"inLanguage":"fr-FR"},{"@type":"Organization","@id":"https:\/\/plein-jour.eu\/wordpress\/#organization","name":"Plein Jour","url":"https:\/\/plein-jour.eu\/wordpress\/","logo":{"@type":"ImageObject","inLanguage":"fr-FR","@id":"https:\/\/plein-jour.eu\/wordpress\/#\/schema\/logo\/image\/","url":"https:\/\/plein-jour.eu\/wordpress\/wp-content\/uploads\/2020\/10\/Logo-coq-Plein-Jour-e1603696172827.png","contentUrl":"https:\/\/plein-jour.eu\/wordpress\/wp-content\/uploads\/2020\/10\/Logo-coq-Plein-Jour-e1603696172827.png","width":500,"height":374,"caption":"Plein Jour"},"image":{"@id":"https:\/\/plein-jour.eu\/wordpress\/#\/schema\/logo\/image\/"}},{"@type":"Person","@id":"https:\/\/plein-jour.eu\/wordpress\/#\/schema\/person\/08786bf6936190834e41dbb642a8ec2d","name":"Plein Jour","url":"https:\/\/plein-jour.eu\/wordpress\/author\/admin_pleinjour_eu\/"}]}},"jetpack_featured_media_url":"","jetpack_sharing_enabled":true,"_links":{"self":[{"href":"https:\/\/plein-jour.eu\/wordpress\/wp-json\/wp\/v2\/posts\/23","targetHints":{"allow":["GET"]}}],"collection":[{"href":"https:\/\/plein-jour.eu\/wordpress\/wp-json\/wp\/v2\/posts"}],"about":[{"href":"https:\/\/plein-jour.eu\/wordpress\/wp-json\/wp\/v2\/types\/post"}],"author":[{"embeddable":true,"href":"https:\/\/plein-jour.eu\/wordpress\/wp-json\/wp\/v2\/users\/1"}],"replies":[{"embeddable":true,"href":"https:\/\/plein-jour.eu\/wordpress\/wp-json\/wp\/v2\/comments?post=23"}],"version-history":[{"count":0,"href":"https:\/\/plein-jour.eu\/wordpress\/wp-json\/wp\/v2\/posts\/23\/revisions"}],"wp:attachment":[{"href":"https:\/\/plein-jour.eu\/wordpress\/wp-json\/wp\/v2\/media?parent=23"}],"wp:term":[{"taxonomy":"category","embeddable":true,"href":"https:\/\/plein-jour.eu\/wordpress\/wp-json\/wp\/v2\/categories?post=23"},{"taxonomy":"post_tag","embeddable":true,"href":"https:\/\/plein-jour.eu\/wordpress\/wp-json\/wp\/v2\/tags?post=23"}],"curies":[{"name":"wp","href":"https:\/\/api.w.org\/{rel}","templated":true}]}}