{"id":445,"date":"2013-07-06T19:04:03","date_gmt":"2013-07-06T18:04:03","guid":{"rendered":"https:\/\/plein-jour.eu\/wordpress\/?p=445"},"modified":"2026-02-16T15:05:21","modified_gmt":"2026-02-16T14:05:21","slug":"assemblee-du-1er-juin-2013-a-paris","status":"publish","type":"post","link":"https:\/\/plein-jour.eu\/wordpress\/assemblee-du-1er-juin-2013-a-paris\/","title":{"rendered":"Assembl\u00e9e du 1er juin 2013 \u00e0 Paris"},"content":{"rendered":"<p><strong>Quelques flashes sur la rencontre de Plein Jour \u00e0 Paris le samedi 1er juin.<\/strong><\/p>\n<p>24 pr\u00e9sents et pas mal d&rsquo;excus\u00e9s, mais surtout de nouvelles compagnes et deux jeunes couples mari\u00e9s de l&rsquo;an 2012, ce qui est tr\u00e8s encourageant.<br \/>\nNous disons dans lee titres \u00ab\u00a0quelques flashes\u00a0\u00bb. Il est en effet impossible de faire un CR exhaustif d&rsquo;une rencontre aussi riche, faite d&rsquo;interventions aussi diverses mais toujours soumise \u00e0 notre obligation de discr\u00e9tion. Nous pouvons cependant en extraire quelques donn\u00e9es&nbsp;:<\/p>\n<p>Quelques compagnes ont d\u00e9j\u00e0 perdu leur compagnon, la diff\u00e9rence d&rsquo;\u00e2ge aidant quelquefois.<\/p>\n<p>Nous avons \u00e9cout\u00e9 ensemble avec beaucoup d&rsquo;attention&nbsp;:<\/p>\n<p>&#8211; Des amours difficiles et pour des raisons tr\u00e8s vari\u00e9es.<\/p>\n<p><em id=\"__mceDel\"> Lui est moine, par exemple; les rencontres sont rares et il est difficile de se voir hors la pr\u00e9sence de quelqu&rsquo;un d&rsquo;autre.<br \/>\nLui est moine, oui, \u00a0et en plus il a \u00e9t\u00e9 \u00e9lu prieur. Encore plus difficile&nbsp;!<\/em><\/p>\n<p>&#8211; Des amours qu&rsquo;on qualifierait d&rsquo;impossibles (m\u00eame), tant les retenues de l&rsquo;un et de l&rsquo;autre bloquent toute avanc\u00e9e, chacun s&rsquo;estimant li\u00e9 par une autre contrainte. Et pourtant l&rsquo;amour est pass\u00e9 par l\u00e0&nbsp;! les rencontres s&rsquo;\u00e9chelonnent, malgr\u00e9 la surveillance et la crainte d&rsquo;\u00eatre d\u00e9masqu\u00e9s.<\/p>\n<p>Un amour rejet\u00e9 brutalement par le pr\u00eatre sans aucune explication, qui r\u00e9duit son amie \u00e0 un profond d\u00e9sespoir au point d\u2019alt\u00e9rer m\u00eame sa sant\u00e9.<\/p>\n<p>&#8211; Des amours qu&rsquo;on pourrait croire platoniques, mais peut-\u00eatre sont-elles trompeuses. \u00ab\u00a0Je t&rsquo;aime mais d&rsquo;un amour chaste\u00a0\u00bb, lui disait-il&nbsp;! et pourtant la relation est forte de part et d&rsquo;autre, d\u00e9sir\u00e9e, attractive et r\u00e9confortante&nbsp;!!<\/p>\n<p>&#8211; Des amours contrari\u00e9s. Un jour ce n&rsquo;est pas lui qui l\u2019a appel\u00e9e mais son sup\u00e9rieur pour dire&nbsp;: \u00ab\u00a0Il vous aime mais il ne vous reverra plus\u00a0\u00bb. Et en prime\u00a0: \u00ab\u00a0Ne cherchez pas \u00e0 le revoir, sinon ses avocats porteront plainte contre vous pour harc\u00e8lement (sexuel)\u00a0\u00bb. R\u00e9ponse courageuse et fi\u00e8re de la compagne\u00a0\u00a0 : \u00ab\u00a0Ce n\u2019est pas \u00e0 vous de me dire cela. Je veux que ce soit lui qui me le dise\u00a0\u00bb. Ils s&rsquo;\u00e9taient quitt\u00e9s un lundi matin, comme tous les lundis matins puisqu\u2019ils travaillaient assez loin l\u2019un de l\u2019autre, avec la perspective de se retrouver, comme d&rsquo;habitude, le vendredi soir pour le weekend.\u00a0 Quelle surprise devant une telle hypocrisie\u00a0! quelle douleur devant un avenir qui s&rsquo;annon\u00e7ait plein d&rsquo;incertitude\u00a0! Mais pourquoi donc le prieur d\u2019un couvent de religieux apparemment adultes se permet-il de parler au nom d\u2019un homme qu\u2019il ne pense qu\u2019\u00e0 r\u00e9cup\u00e9rer par tous les moyens, y compris la contrainte physique comme le r\u00e9v\u00e9lera le futur\u00a0!<\/p>\n<p>&#8211; Des amours stabilis\u00e9s malgr\u00e9 les conditions incertaines ou particuli\u00e8res&nbsp;: \u00ab\u00a0Il a voulu garder son minist\u00e8re. Mais nous avons une vraie vie de couple.\u00a0\u00bb Ou encore&nbsp;:\u00a0\u00bbNous avons chacun notre vie, notre logement mais beaucoup d&rsquo;activit\u00e9s et d&rsquo;engagements ensemble; Il est toujours en fonction dans le dioc\u00e8se mais maintenant \u00e0 la retraite. \u00a0\u00bb<\/p>\n<p>&#8211; Des amours qui se heurtent \u00e0 tant d&rsquo;obstacles&nbsp;: \u00e0 la sacralisation d\u2019un homme, au ressenti de sa propre culpabilit\u00e9 savamment entretenue, \u00e0 des r\u00e8gles et des r\u00e8glements, aux pr\u00e9jug\u00e9s de familles qui se pensent tr\u00e8s croyantes et ne sont que conservatrices, souvent mal inform\u00e9es des attendus de cette r\u00e8gle, \u00e0 l\u2019immaturit\u00e9 aussi de ces hommes trop conditionn\u00e9s et trop ob\u00e9issants au point d&rsquo;avoir perdu l&rsquo;habitude de d\u00e9cider pour eux-m\u00eames \u00a0: \u00ab\u00a0il avance, puis recule en permanence, du vrai ping pong\u00a0!\u00a0\u00bb<\/p>\n<p>&#8211; Mais aussi des amours qui ont franchi tous ces obstacles et ont g\u00e9n\u00e9r\u00e9 des couples heureux de leur nouvelle situation, sans regret pour leur choix, m\u00eame si les d\u00e9buts ont \u00e9t\u00e9 ou sont encore difficiles\u00a0: recherche de travail \u00e9videmment, mais surtout d\u2019un travail qui s\u2019inscrive dans la continuit\u00e9 d\u2019une vie\u2026<\/p>\n<p>Pr\u00e9sence tout \u00e0 fait inattendue\u00a0: un adolescent, fils d\u2019un pr\u00eatre, s\u2019est exprim\u00e9\u00a0: \u00ab\u00a0Je n\u2019ai pas souffert de savoir que mon p\u00e8re avait \u00e9t\u00e9 pr\u00eatre. Pour moi, c\u2019\u00e9tait naturel.\u00a0\u00bb<\/p>\n<p>Un autre t\u00e9moignage inhabituel dont nous soulignons l\u2019importance. Un jeune pr\u00eatre mari\u00e9 depuis peu et p\u00e8re d\u2019un petit gar\u00e7on, nous a relat\u00e9 son parcours difficile avant de quitter le minist\u00e8re. Son \u00e9pouse est l\u00e0 et l\u2019\u00e9coute. Il nous dit d\u2019abord son saisissement devant l\u2019amour qui surgit, ses efforts pour le repousser, sa lutte contre la culpabilit\u00e9\u2026 Les ann\u00e9es passant, il a l\u2019\u00e9vidence que ce sentiment pr\u00e9gnant l\u2019\u00e9panouit et le rend plus proche des autres. Il prend alors la d\u00e9cision d\u2019\u00e9pouser celle qu\u2019il aime. Son combat prend alors une autre forme\u00a0: r\u00e9sister \u00e0 la pression de l\u2019\u00e9v\u00eaque et convaincre sa famille. Plein d\u2019\u00e9motion, ce r\u00e9cit est \u00e9clairant pour les compagnes. Il leur r\u00e9v\u00e8le que le pr\u00eatre aussi souffre de l\u2019interdiction d\u2019aimer. En m\u00eame temps, il leur donne l\u2019espoir d\u2019une issue heureuse avec leur compagnon.<\/p>\n<p>Et aussi le t\u00e9moignage encourageant de nos amis suisses, d&rsquo;abord celui de leur propre cheminement personnel qui les a conduit aujourd&rsquo;hui \u00e0 une vie tr\u00e8s engag\u00e9e, mais aussi celui de l&rsquo;Association Zoefra qu&rsquo;ils dirigent et qui aide les compagnes suisses. Ils y rencontrent des probl\u00e8mes bien semblables \u00e0 ceux que nous rencontrons en France, mais avec le soutien, y compris financier, de chr\u00e9tiens, voire de paroisses m\u00eame.<\/p>\n<p>Les situations difficiles \u00e9voqu\u00e9es ne doivent pas faire perdre cette estime de soi qui demeure la source du dynamisme vital de chacun. Aussi convient-il de revenir souvent sur ces paroles qu&rsquo;une adh\u00e9rente n&rsquo;ayant pu venir \u00e0 Paris a cependant tenu \u00e0 nous livrer&nbsp;:<\/p>\n<p>\u00ab\u00a0L\u2019estime de soi est le r\u00e9sultat d\u2019une auto-\u00e9valuation. La grande majorit\u00e9 des difficult\u00e9s dont une personne peut se plaindre (angoisses, timidit\u00e9, troubles du comportement alimentaire, relation aux autres, d\u00e9prime) est la cons\u00e9quence pure et simple d\u2019une estime de soi insuffisante.<\/p>\n<p>L\u2019une des solutions pour faire grandir son amour-propre est l\u2019acceptation de soi-m\u00eame tel que l\u2019on est ( ce qui ne signifie pas renoncer \u00e0 \u00e9voluer)&nbsp;; -m\u00eame???.<\/p>\n<p>S&rsquo;estimer soi, se faire confiance, s&rsquo;aimer, ne pas se d\u00e9valoriser est essentiel pour bien vivre sa vie et bien vivre avec les autres.<\/p>\n<p><b><i>L\u2019estime de soi, c\u2019est de me montrer capable de&nbsp;:<\/i><\/b><\/p>\n<ul>\n<li>\u00b7 <b><i>Dire ce que je pense<\/i><\/b><\/li>\n<\/ul>\n<p>La relation, v\u00e9cue dans la clandestinit\u00e9, engendre des relations sociales fauss\u00e9es puisqu\u2019au regard de tout ou partie de son entourage, la compagne de pr\u00eatre est officiellement une \u00ab&nbsp;femme seule&nbsp;\u00bb.<\/p>\n<p>Cette relation est v\u00e9cue \u00ab&nbsp;au jour le jour&nbsp;\u00bb, sans aucun projet possible.<\/p>\n<p>La compagne de pr\u00eatre pas qu\u2019une amante pr\u00e9sente uniquement pour satisfaire les besoins affectifs et sexuels de son ami.<\/p>\n<p>Si le pr\u00eatre fait abstraction de l\u2019existence de sa compagne dans sa vie publique, professionnelle, familiale, pourquoi n\u2019aurait-elle pas, elle, la libert\u00e9 de dire qu\u2019elle en souffre&nbsp;?<\/p>\n<p>La relation v\u00e9cue reste pr\u00e9caire puisque, tant qu\u2019il est tenu par le lien de l\u2019ob\u00e9issance \u00e0 sa hi\u00e9rarchie, le compagnon-pr\u00eatre peut \u00eatre amen\u00e9 \u00e0 quitter son amie du jour au lendemain, par une simple mutation ou autre affectation.<\/p>\n<ul>\n<li>\u00b7 <b><i>Demander de l\u2019aide sans me sentir pour autant inf\u00e9rieur(e)<\/i><\/b><\/li>\n<\/ul>\n<p>Il faut sortir de l\u2019isolement et de la passivit\u00e9. Ne pas tol\u00e9rer le mensonge que les pr\u00eatres acceptent rel\u00e8ve de la dignit\u00e9 des femmes concern\u00e9es.<\/p>\n<p>En ce qui concerne les questions suivantes, je me base sur mon exp\u00e9rience pass\u00e9e. Sans pour autant raconter ma vie&nbsp;: Michel Taubmann l\u2019avait tr\u00e8s bien fait&nbsp;!<\/p>\n<p>Mais il n\u2019avait pas connaissance de l\u2019\u00e9pilogue\u2026<\/p>\n<ul>\n<li>\u00b7 <b><i>Me donner le droit d\u2019\u00eatre heureux(se)<\/i><\/b><\/li>\n<li>\u00b7 <b><i>Savoir que je peux survivre \u00e0 mes malheurs<\/i><\/b><\/li>\n<\/ul>\n<p>A la prise de conscience de ma \u00ab&nbsp;descente aux enfers&nbsp;\u00bb (\u00e0 ma d\u00e9pression dite \u00ab&nbsp;s\u00e9v\u00e8re&nbsp;\u00bb s\u2019\u00e9tait greff\u00e9 l\u2019alcoolisme), je ne voyais plus que deux issues.<\/p>\n<p>A plusieurs reprises, j\u2019ai tent\u00e9 la plus facile (et la plus d\u00e9bile) mais j\u2019ai \u00e9chou\u00e9.<\/p>\n<p>Il me fallait donc continuer \u00e0 vivre. Mais plus comme \u00e7a&nbsp;!<\/p>\n<p>Pour reprendre ma vie en mains, j\u2019ai eu recours \u00e0 la psychoth\u00e9rapie et accept\u00e9 une hospitalisation en psychiatrie. L\u00e0, chaque soign\u00e9 re\u00e7oit des outils, avec lesquels il est appel\u00e9 \u00e0 construire par lui-m\u00eame, son \u00e9difice.<\/p>\n<p>Pour grave qu\u2019elle soit, ma d\u00e9pression a eu au moins cette vertu&nbsp;: m\u2019obliger \u00e0 faire le point sur ma vie, mieux me conna\u00eetre. Ainsi, j\u2019ai pu transformer mon exp\u00e9rience douloureuse en exp\u00e9rience de r\u00e9flexion et d\u2019introspection, construire par moi-m\u00eame l\u2019\u00e9difice de mes propres convictions, en travaillant sur des \u00ab&nbsp;mat\u00e9riaux&nbsp;\u00bb qu\u2019il m\u2019a fallu d\u00e9grossir, avec l\u2019id\u00e9e d\u2019\u00e9laguer les erreurs pour progresser.<\/p>\n<p>A noter que l\u2019hypnose erycksonnienne peut \u00e9galement \u00eatre une excellente th\u00e9rapie de l\u2019estime de soi.<\/p>\n<ul>\n<li>\u00b7 <b><i>Trouver que je suis quelqu\u2019un de bien avec ses qualit\u00e9s et ses d\u00e9fauts<\/i><\/b><\/li>\n<li>\u00b7 <b><i>Sentir que je progresse et que je tire des le\u00e7ons de la vie.<\/i><\/b><\/li>\n<\/ul>\n<p>Il y a 7 ans, j\u2019ai rencontr\u00e9 un autre homme. Depuis, je suis abstinente au niveau de l\u2019alcool. Membre d\u2019une association philosophique mal estim\u00e9e par mon ex-ami pr\u00eatre, j\u2019ai repris cette activit\u00e9 o\u00f9 je me sens \u00e9panouie et valoris\u00e9e.<\/p>\n<p>Je vis sereinement le pr\u00e9sent. De mon pass\u00e9, pas simple et m\u00eame plus qu\u2019imparfait, je ne tire que des le\u00e7ons. Quant \u00e0 l\u2019avenir\u2026 on verra bien demain&nbsp;!<\/p>\n<p>Reste que, comme Aragon et Jean Ferrat, je suis toujours convaincue que <i>\u00ab&nbsp;La femme est l\u2019avenir de l\u2019homme&nbsp;\u00bb.<\/i><\/p>\n<p><b>Nous la remercions vivement de cette contribution. C&rsquo;est comme une pr\u00e9sence \u00ab\u00a0\u00e0 distance\u00a0\u00bb.<\/b><\/p>\n<p style=\"text-align: left;\">&#8212;&#8212;&#8212;&#8212;&#8212;&#8212;&#8212;&#8211;<\/p>\n<p>Prochaine rencontre Samedi 28 septembre 2013 \u00e0 Lourmarin.<\/p>\n<p>Merci de vous inscrire.<br \/>\nVous recevrez les indications n\u00e9cessaires pour nous rejoindre.<\/p>\n<p>Au cours de cette rencontre, se tiendra aussi l&rsquo;Assembl\u00e9e g\u00e9n\u00e9rale.<\/p>\n<p>&nbsp;<\/p>","protected":false},"excerpt":{"rendered":"<p>Quelques flashes sur la rencontre de Plein Jour \u00e0 Paris &hellip; <\/p>","protected":false},"author":1,"featured_media":0,"comment_status":"closed","ping_status":"closed","sticky":false,"template":"","format":"standard","meta":{"_jetpack_memberships_contains_paid_content":false,"footnotes":""},"categories":[7],"tags":[],"class_list":["post-445","post","type-post","status-publish","format-standard","hentry","category-temoignages"],"yoast_head":"<!-- This site is optimized with the Yoast SEO plugin v27.5 - https:\/\/yoast.com\/product\/yoast-seo-wordpress\/ -->\n<title>Assembl\u00e9e du 1er juin 2013 \u00e0 Paris - PLEIN JOUR - Libres d&#039;aimer<\/title>\n<meta name=\"robots\" content=\"index, follow, max-snippet:-1, max-image-preview:large, max-video-preview:-1\" \/>\n<link rel=\"canonical\" href=\"https:\/\/plein-jour.eu\/wordpress\/assemblee-du-1er-juin-2013-a-paris\/\" \/>\n<meta property=\"og:locale\" content=\"fr_FR\" \/>\n<meta property=\"og:type\" content=\"article\" \/>\n<meta property=\"og:title\" content=\"Assembl\u00e9e du 1er juin 2013 \u00e0 Paris - PLEIN JOUR - Libres d&#039;aimer\" \/>\n<meta property=\"og:description\" content=\"Quelques flashes sur la rencontre de Plein Jour \u00e0 Paris &hellip;\" \/>\n<meta property=\"og:url\" content=\"https:\/\/plein-jour.eu\/wordpress\/assemblee-du-1er-juin-2013-a-paris\/\" \/>\n<meta property=\"og:site_name\" content=\"PLEIN JOUR - Libres d&#039;aimer\" \/>\n<meta property=\"article:published_time\" content=\"2013-07-06T18:04:03+00:00\" \/>\n<meta property=\"article:modified_time\" content=\"2026-02-16T14:05:21+00:00\" \/>\n<meta name=\"author\" content=\"Plein Jour\" \/>\n<meta name=\"twitter:card\" content=\"summary_large_image\" \/>\n<meta name=\"twitter:label1\" content=\"\u00c9crit par\" \/>\n\t<meta name=\"twitter:data1\" content=\"Plein Jour\" \/>\n\t<meta name=\"twitter:label2\" content=\"Dur\u00e9e de lecture estim\u00e9e\" \/>\n\t<meta name=\"twitter:data2\" content=\"8 minutes\" \/>\n<script type=\"application\/ld+json\" class=\"yoast-schema-graph\">{\"@context\":\"https:\\\/\\\/schema.org\",\"@graph\":[{\"@type\":\"Article\",\"@id\":\"https:\\\/\\\/plein-jour.eu\\\/wordpress\\\/assemblee-du-1er-juin-2013-a-paris\\\/#article\",\"isPartOf\":{\"@id\":\"https:\\\/\\\/plein-jour.eu\\\/wordpress\\\/assemblee-du-1er-juin-2013-a-paris\\\/\"},\"author\":{\"name\":\"Plein Jour\",\"@id\":\"https:\\\/\\\/plein-jour.eu\\\/wordpress\\\/#\\\/schema\\\/person\\\/08786bf6936190834e41dbb642a8ec2d\"},\"headline\":\"Assembl\u00e9e du 1er juin 2013 \u00e0 Paris\",\"datePublished\":\"2013-07-06T18:04:03+00:00\",\"dateModified\":\"2026-02-16T14:05:21+00:00\",\"mainEntityOfPage\":{\"@id\":\"https:\\\/\\\/plein-jour.eu\\\/wordpress\\\/assemblee-du-1er-juin-2013-a-paris\\\/\"},\"wordCount\":1715,\"publisher\":{\"@id\":\"https:\\\/\\\/plein-jour.eu\\\/wordpress\\\/#organization\"},\"articleSection\":[\"T\u00e9moignages\"],\"inLanguage\":\"fr-FR\"},{\"@type\":\"WebPage\",\"@id\":\"https:\\\/\\\/plein-jour.eu\\\/wordpress\\\/assemblee-du-1er-juin-2013-a-paris\\\/\",\"url\":\"https:\\\/\\\/plein-jour.eu\\\/wordpress\\\/assemblee-du-1er-juin-2013-a-paris\\\/\",\"name\":\"Assembl\u00e9e du 1er juin 2013 \u00e0 Paris - PLEIN JOUR - Libres d&#039;aimer\",\"isPartOf\":{\"@id\":\"https:\\\/\\\/plein-jour.eu\\\/wordpress\\\/#website\"},\"datePublished\":\"2013-07-06T18:04:03+00:00\",\"dateModified\":\"2026-02-16T14:05:21+00:00\",\"breadcrumb\":{\"@id\":\"https:\\\/\\\/plein-jour.eu\\\/wordpress\\\/assemblee-du-1er-juin-2013-a-paris\\\/#breadcrumb\"},\"inLanguage\":\"fr-FR\",\"potentialAction\":[{\"@type\":\"ReadAction\",\"target\":[\"https:\\\/\\\/plein-jour.eu\\\/wordpress\\\/assemblee-du-1er-juin-2013-a-paris\\\/\"]}]},{\"@type\":\"BreadcrumbList\",\"@id\":\"https:\\\/\\\/plein-jour.eu\\\/wordpress\\\/assemblee-du-1er-juin-2013-a-paris\\\/#breadcrumb\",\"itemListElement\":[{\"@type\":\"ListItem\",\"position\":1,\"name\":\"Accueil\",\"item\":\"https:\\\/\\\/plein-jour.eu\\\/wordpress\\\/\"},{\"@type\":\"ListItem\",\"position\":2,\"name\":\"Assembl\u00e9e du 1er juin 2013 \u00e0 Paris\"}]},{\"@type\":\"WebSite\",\"@id\":\"https:\\\/\\\/plein-jour.eu\\\/wordpress\\\/#website\",\"url\":\"https:\\\/\\\/plein-jour.eu\\\/wordpress\\\/\",\"name\":\"Association Plein Jour\",\"description\":\"Association de soutien pour les compagnes de Pr\u00eatres - A votre \u00e9coute au 06 84 59 06 01\",\"publisher\":{\"@id\":\"https:\\\/\\\/plein-jour.eu\\\/wordpress\\\/#organization\"},\"potentialAction\":[{\"@type\":\"SearchAction\",\"target\":{\"@type\":\"EntryPoint\",\"urlTemplate\":\"https:\\\/\\\/plein-jour.eu\\\/wordpress\\\/?s={search_term_string}\"},\"query-input\":{\"@type\":\"PropertyValueSpecification\",\"valueRequired\":true,\"valueName\":\"search_term_string\"}}],\"inLanguage\":\"fr-FR\"},{\"@type\":\"Organization\",\"@id\":\"https:\\\/\\\/plein-jour.eu\\\/wordpress\\\/#organization\",\"name\":\"Plein Jour\",\"url\":\"https:\\\/\\\/plein-jour.eu\\\/wordpress\\\/\",\"logo\":{\"@type\":\"ImageObject\",\"inLanguage\":\"fr-FR\",\"@id\":\"https:\\\/\\\/plein-jour.eu\\\/wordpress\\\/#\\\/schema\\\/logo\\\/image\\\/\",\"url\":\"https:\\\/\\\/plein-jour.eu\\\/wordpress\\\/wp-content\\\/uploads\\\/2020\\\/10\\\/Logo-coq-Plein-Jour-e1603696172827.png\",\"contentUrl\":\"https:\\\/\\\/plein-jour.eu\\\/wordpress\\\/wp-content\\\/uploads\\\/2020\\\/10\\\/Logo-coq-Plein-Jour-e1603696172827.png\",\"width\":500,\"height\":374,\"caption\":\"Plein Jour\"},\"image\":{\"@id\":\"https:\\\/\\\/plein-jour.eu\\\/wordpress\\\/#\\\/schema\\\/logo\\\/image\\\/\"}},{\"@type\":\"Person\",\"@id\":\"https:\\\/\\\/plein-jour.eu\\\/wordpress\\\/#\\\/schema\\\/person\\\/08786bf6936190834e41dbb642a8ec2d\",\"name\":\"Plein Jour\",\"url\":\"https:\\\/\\\/plein-jour.eu\\\/wordpress\\\/author\\\/admin_pleinjour_eu\\\/\"}]}<\/script>\n<!-- \/ Yoast SEO plugin. -->","yoast_head_json":{"title":"Assembl\u00e9e du 1er juin 2013 \u00e0 Paris - PLEIN JOUR - Libres d&#039;aimer","robots":{"index":"index","follow":"follow","max-snippet":"max-snippet:-1","max-image-preview":"max-image-preview:large","max-video-preview":"max-video-preview:-1"},"canonical":"https:\/\/plein-jour.eu\/wordpress\/assemblee-du-1er-juin-2013-a-paris\/","og_locale":"fr_FR","og_type":"article","og_title":"Assembl\u00e9e du 1er juin 2013 \u00e0 Paris - PLEIN JOUR - Libres d&#039;aimer","og_description":"Quelques flashes sur la rencontre de Plein Jour \u00e0 Paris &hellip;","og_url":"https:\/\/plein-jour.eu\/wordpress\/assemblee-du-1er-juin-2013-a-paris\/","og_site_name":"PLEIN JOUR - Libres d&#039;aimer","article_published_time":"2013-07-06T18:04:03+00:00","article_modified_time":"2026-02-16T14:05:21+00:00","author":"Plein Jour","twitter_card":"summary_large_image","twitter_misc":{"\u00c9crit par":"Plein Jour","Dur\u00e9e de lecture estim\u00e9e":"8 minutes"},"schema":{"@context":"https:\/\/schema.org","@graph":[{"@type":"Article","@id":"https:\/\/plein-jour.eu\/wordpress\/assemblee-du-1er-juin-2013-a-paris\/#article","isPartOf":{"@id":"https:\/\/plein-jour.eu\/wordpress\/assemblee-du-1er-juin-2013-a-paris\/"},"author":{"name":"Plein Jour","@id":"https:\/\/plein-jour.eu\/wordpress\/#\/schema\/person\/08786bf6936190834e41dbb642a8ec2d"},"headline":"Assembl\u00e9e du 1er juin 2013 \u00e0 Paris","datePublished":"2013-07-06T18:04:03+00:00","dateModified":"2026-02-16T14:05:21+00:00","mainEntityOfPage":{"@id":"https:\/\/plein-jour.eu\/wordpress\/assemblee-du-1er-juin-2013-a-paris\/"},"wordCount":1715,"publisher":{"@id":"https:\/\/plein-jour.eu\/wordpress\/#organization"},"articleSection":["T\u00e9moignages"],"inLanguage":"fr-FR"},{"@type":"WebPage","@id":"https:\/\/plein-jour.eu\/wordpress\/assemblee-du-1er-juin-2013-a-paris\/","url":"https:\/\/plein-jour.eu\/wordpress\/assemblee-du-1er-juin-2013-a-paris\/","name":"Assembl\u00e9e du 1er juin 2013 \u00e0 Paris - PLEIN JOUR - Libres d&#039;aimer","isPartOf":{"@id":"https:\/\/plein-jour.eu\/wordpress\/#website"},"datePublished":"2013-07-06T18:04:03+00:00","dateModified":"2026-02-16T14:05:21+00:00","breadcrumb":{"@id":"https:\/\/plein-jour.eu\/wordpress\/assemblee-du-1er-juin-2013-a-paris\/#breadcrumb"},"inLanguage":"fr-FR","potentialAction":[{"@type":"ReadAction","target":["https:\/\/plein-jour.eu\/wordpress\/assemblee-du-1er-juin-2013-a-paris\/"]}]},{"@type":"BreadcrumbList","@id":"https:\/\/plein-jour.eu\/wordpress\/assemblee-du-1er-juin-2013-a-paris\/#breadcrumb","itemListElement":[{"@type":"ListItem","position":1,"name":"Accueil","item":"https:\/\/plein-jour.eu\/wordpress\/"},{"@type":"ListItem","position":2,"name":"Assembl\u00e9e du 1er juin 2013 \u00e0 Paris"}]},{"@type":"WebSite","@id":"https:\/\/plein-jour.eu\/wordpress\/#website","url":"https:\/\/plein-jour.eu\/wordpress\/","name":"Association Plein Jour","description":"Association de soutien pour les compagnes de Pr\u00eatres - A votre \u00e9coute au 06 84 59 06 01","publisher":{"@id":"https:\/\/plein-jour.eu\/wordpress\/#organization"},"potentialAction":[{"@type":"SearchAction","target":{"@type":"EntryPoint","urlTemplate":"https:\/\/plein-jour.eu\/wordpress\/?s={search_term_string}"},"query-input":{"@type":"PropertyValueSpecification","valueRequired":true,"valueName":"search_term_string"}}],"inLanguage":"fr-FR"},{"@type":"Organization","@id":"https:\/\/plein-jour.eu\/wordpress\/#organization","name":"Plein Jour","url":"https:\/\/plein-jour.eu\/wordpress\/","logo":{"@type":"ImageObject","inLanguage":"fr-FR","@id":"https:\/\/plein-jour.eu\/wordpress\/#\/schema\/logo\/image\/","url":"https:\/\/plein-jour.eu\/wordpress\/wp-content\/uploads\/2020\/10\/Logo-coq-Plein-Jour-e1603696172827.png","contentUrl":"https:\/\/plein-jour.eu\/wordpress\/wp-content\/uploads\/2020\/10\/Logo-coq-Plein-Jour-e1603696172827.png","width":500,"height":374,"caption":"Plein Jour"},"image":{"@id":"https:\/\/plein-jour.eu\/wordpress\/#\/schema\/logo\/image\/"}},{"@type":"Person","@id":"https:\/\/plein-jour.eu\/wordpress\/#\/schema\/person\/08786bf6936190834e41dbb642a8ec2d","name":"Plein Jour","url":"https:\/\/plein-jour.eu\/wordpress\/author\/admin_pleinjour_eu\/"}]}},"jetpack_featured_media_url":"","jetpack_sharing_enabled":true,"_links":{"self":[{"href":"https:\/\/plein-jour.eu\/wordpress\/wp-json\/wp\/v2\/posts\/445","targetHints":{"allow":["GET"]}}],"collection":[{"href":"https:\/\/plein-jour.eu\/wordpress\/wp-json\/wp\/v2\/posts"}],"about":[{"href":"https:\/\/plein-jour.eu\/wordpress\/wp-json\/wp\/v2\/types\/post"}],"author":[{"embeddable":true,"href":"https:\/\/plein-jour.eu\/wordpress\/wp-json\/wp\/v2\/users\/1"}],"replies":[{"embeddable":true,"href":"https:\/\/plein-jour.eu\/wordpress\/wp-json\/wp\/v2\/comments?post=445"}],"version-history":[{"count":0,"href":"https:\/\/plein-jour.eu\/wordpress\/wp-json\/wp\/v2\/posts\/445\/revisions"}],"wp:attachment":[{"href":"https:\/\/plein-jour.eu\/wordpress\/wp-json\/wp\/v2\/media?parent=445"}],"wp:term":[{"taxonomy":"category","embeddable":true,"href":"https:\/\/plein-jour.eu\/wordpress\/wp-json\/wp\/v2\/categories?post=445"},{"taxonomy":"post_tag","embeddable":true,"href":"https:\/\/plein-jour.eu\/wordpress\/wp-json\/wp\/v2\/tags?post=445"}],"curies":[{"name":"wp","href":"https:\/\/api.w.org\/{rel}","templated":true}]}}