{"id":491,"date":"2013-10-11T16:27:43","date_gmt":"2013-10-11T15:27:43","guid":{"rendered":"https:\/\/plein-jour.eu\/wordpress\/?p=491"},"modified":"2026-02-16T14:12:17","modified_gmt":"2026-02-16T13:12:17","slug":"media-communication","status":"publish","type":"post","link":"https:\/\/plein-jour.eu\/wordpress\/media-communication\/","title":{"rendered":"M\u00e9dia &#8211; Communication"},"content":{"rendered":"<p><strong>Quelques nouvelles sur des \u00e9missions pass\u00e9es o\u00f9 nous sommes intervenues. <\/strong><\/p>\n<p>Il est \u00e9vident que cette recension ne tient pas compte du fait que, vus les d\u00e9lais, telle \u00e9mission n&rsquo;est peut-\u00eatre plus visible ou audible&nbsp;!<br \/>\nMais le train ne s&rsquo;arr\u00eate pas et la d\u00e9claration de Mgr Parolin nomm\u00e9 \u00e0 la \u00ab\u00a0Secr\u00e9tairerie papale\u00a0\u00bb (nouveau nom de l&rsquo;ancienne Secr\u00e9tairerie d&rsquo;Etat) a provoqu\u00e9 une \u00e9ruption de boutons dans les Media&nbsp;!<\/p>\n<p>T\u00e9l\u00e9&nbsp;: \u00ab\u00a0La guerre perdue du Vatican\u00a0\u00bb<br \/>\nOn peut encore visionner ce film gr\u00e2ce \u00e0 ce lien&nbsp;:<br \/>\n<a href=\"http:\/\/partenia2000.over-blog.com\/article-la-guerre-perdue-du-vatican-102819080.html\" target=\"_blank\" rel=\"noopener noreferrer\">http:\/\/partenia2000.over-blog.com\/article-la-guerre-perdue-du-vatican-102819080.html<\/a><\/p>\n<p>Merci Partenia&nbsp;!<\/p>\n<p>&#8212;&#8212;&#8212;&#8212;&#8212;&#8212;&#8212;&#8212;&#8212;&#8212;&#8212;&#8212;&#8212;&#8212;&#8212;&#8212;&#8212;&#8212;&#8212;&#8212;&#8212;&#8212;&#8212;&#8212;&#8212;&#8212;&#8211;<\/p>\n<p>Dominique Venturini a t\u00e9moign\u00e9 sur Europe N\u00b01. Peut \u00eatre pouvez-vous encore aller l&rsquo;\u00e9couter.<br \/>\nMerci.<br \/>\n<a title=\"http:\/\/www.dailymotion.com\/video\/xxjtpo_sur-europe-1-midi-d-venturini-nous-parle-de-son-parcours_people&lt;br \/&gt;&lt;br \/&gt;&lt;br \/&gt;&lt;br \/&gt;&lt;br \/&gt;&lt;br \/&gt;&lt;br \/&gt;&lt;br \/&gt;&lt;br \/&gt;&lt;br \/&gt;&lt;br \/&gt;&lt;br \/&gt;&lt;br \/&gt; CTRL + Cliquez ici pour suivre le lien\" href=\"http:\/\/www.dailymotion.com\/video\/xxjtpo_sur-europe-1-midi-d-venturini-nous-parle-de-son-parcours_people\" target=\"_blank\" rel=\"noopener noreferrer\">http:\/\/www.dailymotion.com\/<wbr \/>video\/xxjtpo_sur-europe-1-<wbr \/>midi-d-venturini-nous-parle-<wbr \/>de-son-parcours_people<br \/>\n<\/a><\/p>\n<p>&#8212;&#8212;&#8212;&#8212;&#8212;&#8212;&#8212;&#8212;&#8212;&#8212;&#8212;&#8212;&#8212;&#8212;&#8212;&#8212;&#8212;&#8211;<\/p>\n<p>Emission sur la T\u00e9l\u00e9 Suisse&nbsp;: \u00ab\u00a0Femmes de pr\u00eatres, enfants de cur\u00e9s\u00a0\u00bb<br \/>\nA ma grande surprise, on peut encore visionner l&rsquo;\u00e9mission diffus\u00e9e par la t\u00e9l\u00e9vision suisse en 2011<br \/>\ngr\u00e2ce \u00e0 ce lien&nbsp;:<br \/>\n<a href=\"http:\/\/www.rts.ch\/video\/emissions\/temps-present\/3414104-femmes-de-pretres-enfants-de-cures.html\" target=\"_blank\" rel=\"noopener noreferrer\">http:\/\/www.rts.ch\/video\/emissions\/temps-present\/3414104-femmes-de-pretres-enfants-de-cures.html<\/a><\/p>\n<p>C&rsquo;est la nouvelle crise qui frappe l&rsquo;Eglise catholique apr\u00e8s le scandale de la p\u00e9dophilie&nbsp;: le c\u00e9libat des pr\u00eatres. Frustr\u00e9s, condamn\u00e9s \u00e0 vivre dans la clandestinit\u00e9 et l&rsquo;hypocrisie, de plus en plus de pr\u00eatres quittent leur paroisse pour convoler en justes noces. Temps Pr\u00e9sent a rencontr\u00e9 des pr\u00eatres, d\u00e9froqu\u00e9s ou non, mais aussi des femmes de pr\u00eatres et des enfants de cur\u00e9s, victimes d&rsquo;un interdit de plus en plus mal v\u00e9cu.<\/p>\n<p>&nbsp;<\/p>","protected":false},"excerpt":{"rendered":"<p>Quelques nouvelles sur des \u00e9missions pass\u00e9es o\u00f9 nous sommes intervenues. &hellip; <\/p>","protected":false},"author":1,"featured_media":0,"comment_status":"closed","ping_status":"closed","sticky":false,"template":"","format":"standard","meta":{"_jetpack_memberships_contains_paid_content":false,"footnotes":""},"categories":[7],"tags":[],"class_list":["post-491","post","type-post","status-publish","format-standard","hentry","category-temoignages"],"yoast_head":"<!-- This site is optimized with the Yoast SEO plugin v27.5 - https:\/\/yoast.com\/product\/yoast-seo-wordpress\/ -->\n<title>M\u00e9dia - Communication - PLEIN JOUR - Libres d&#039;aimer<\/title>\n<meta name=\"robots\" content=\"index, follow, max-snippet:-1, max-image-preview:large, max-video-preview:-1\" \/>\n<link rel=\"canonical\" href=\"https:\/\/plein-jour.eu\/wordpress\/media-communication\/\" \/>\n<meta property=\"og:locale\" content=\"fr_FR\" \/>\n<meta property=\"og:type\" content=\"article\" \/>\n<meta property=\"og:title\" content=\"M\u00e9dia - Communication - PLEIN JOUR - Libres d&#039;aimer\" \/>\n<meta property=\"og:description\" content=\"Quelques nouvelles sur des \u00e9missions pass\u00e9es o\u00f9 nous sommes intervenues. &hellip;\" \/>\n<meta property=\"og:url\" content=\"https:\/\/plein-jour.eu\/wordpress\/media-communication\/\" \/>\n<meta property=\"og:site_name\" content=\"PLEIN JOUR - Libres d&#039;aimer\" \/>\n<meta property=\"article:published_time\" content=\"2013-10-11T15:27:43+00:00\" \/>\n<meta property=\"article:modified_time\" content=\"2026-02-16T13:12:17+00:00\" \/>\n<meta name=\"author\" content=\"Plein Jour\" \/>\n<meta name=\"twitter:card\" content=\"summary_large_image\" \/>\n<meta name=\"twitter:label1\" content=\"\u00c9crit par\" \/>\n\t<meta name=\"twitter:data1\" content=\"Plein Jour\" \/>\n\t<meta name=\"twitter:label2\" content=\"Dur\u00e9e de lecture estim\u00e9e\" \/>\n\t<meta name=\"twitter:data2\" content=\"1 minute\" \/>\n<script type=\"application\/ld+json\" class=\"yoast-schema-graph\">{\"@context\":\"https:\\\/\\\/schema.org\",\"@graph\":[{\"@type\":\"Article\",\"@id\":\"https:\\\/\\\/plein-jour.eu\\\/wordpress\\\/media-communication\\\/#article\",\"isPartOf\":{\"@id\":\"https:\\\/\\\/plein-jour.eu\\\/wordpress\\\/media-communication\\\/\"},\"author\":{\"name\":\"Plein Jour\",\"@id\":\"https:\\\/\\\/plein-jour.eu\\\/wordpress\\\/#\\\/schema\\\/person\\\/08786bf6936190834e41dbb642a8ec2d\"},\"headline\":\"M\u00e9dia &#8211; Communication\",\"datePublished\":\"2013-10-11T15:27:43+00:00\",\"dateModified\":\"2026-02-16T13:12:17+00:00\",\"mainEntityOfPage\":{\"@id\":\"https:\\\/\\\/plein-jour.eu\\\/wordpress\\\/media-communication\\\/\"},\"wordCount\":266,\"publisher\":{\"@id\":\"https:\\\/\\\/plein-jour.eu\\\/wordpress\\\/#organization\"},\"articleSection\":[\"T\u00e9moignages\"],\"inLanguage\":\"fr-FR\"},{\"@type\":\"WebPage\",\"@id\":\"https:\\\/\\\/plein-jour.eu\\\/wordpress\\\/media-communication\\\/\",\"url\":\"https:\\\/\\\/plein-jour.eu\\\/wordpress\\\/media-communication\\\/\",\"name\":\"M\u00e9dia - Communication - PLEIN JOUR - Libres d&#039;aimer\",\"isPartOf\":{\"@id\":\"https:\\\/\\\/plein-jour.eu\\\/wordpress\\\/#website\"},\"datePublished\":\"2013-10-11T15:27:43+00:00\",\"dateModified\":\"2026-02-16T13:12:17+00:00\",\"breadcrumb\":{\"@id\":\"https:\\\/\\\/plein-jour.eu\\\/wordpress\\\/media-communication\\\/#breadcrumb\"},\"inLanguage\":\"fr-FR\",\"potentialAction\":[{\"@type\":\"ReadAction\",\"target\":[\"https:\\\/\\\/plein-jour.eu\\\/wordpress\\\/media-communication\\\/\"]}]},{\"@type\":\"BreadcrumbList\",\"@id\":\"https:\\\/\\\/plein-jour.eu\\\/wordpress\\\/media-communication\\\/#breadcrumb\",\"itemListElement\":[{\"@type\":\"ListItem\",\"position\":1,\"name\":\"Accueil\",\"item\":\"https:\\\/\\\/plein-jour.eu\\\/wordpress\\\/\"},{\"@type\":\"ListItem\",\"position\":2,\"name\":\"M\u00e9dia &#8211; Communication\"}]},{\"@type\":\"WebSite\",\"@id\":\"https:\\\/\\\/plein-jour.eu\\\/wordpress\\\/#website\",\"url\":\"https:\\\/\\\/plein-jour.eu\\\/wordpress\\\/\",\"name\":\"Association Plein Jour\",\"description\":\"Association de soutien pour les compagnes de Pr\u00eatres - A votre \u00e9coute au 06 84 59 06 01\",\"publisher\":{\"@id\":\"https:\\\/\\\/plein-jour.eu\\\/wordpress\\\/#organization\"},\"potentialAction\":[{\"@type\":\"SearchAction\",\"target\":{\"@type\":\"EntryPoint\",\"urlTemplate\":\"https:\\\/\\\/plein-jour.eu\\\/wordpress\\\/?s={search_term_string}\"},\"query-input\":{\"@type\":\"PropertyValueSpecification\",\"valueRequired\":true,\"valueName\":\"search_term_string\"}}],\"inLanguage\":\"fr-FR\"},{\"@type\":\"Organization\",\"@id\":\"https:\\\/\\\/plein-jour.eu\\\/wordpress\\\/#organization\",\"name\":\"Plein Jour\",\"url\":\"https:\\\/\\\/plein-jour.eu\\\/wordpress\\\/\",\"logo\":{\"@type\":\"ImageObject\",\"inLanguage\":\"fr-FR\",\"@id\":\"https:\\\/\\\/plein-jour.eu\\\/wordpress\\\/#\\\/schema\\\/logo\\\/image\\\/\",\"url\":\"https:\\\/\\\/plein-jour.eu\\\/wordpress\\\/wp-content\\\/uploads\\\/2020\\\/10\\\/Logo-coq-Plein-Jour-e1603696172827.png\",\"contentUrl\":\"https:\\\/\\\/plein-jour.eu\\\/wordpress\\\/wp-content\\\/uploads\\\/2020\\\/10\\\/Logo-coq-Plein-Jour-e1603696172827.png\",\"width\":500,\"height\":374,\"caption\":\"Plein Jour\"},\"image\":{\"@id\":\"https:\\\/\\\/plein-jour.eu\\\/wordpress\\\/#\\\/schema\\\/logo\\\/image\\\/\"}},{\"@type\":\"Person\",\"@id\":\"https:\\\/\\\/plein-jour.eu\\\/wordpress\\\/#\\\/schema\\\/person\\\/08786bf6936190834e41dbb642a8ec2d\",\"name\":\"Plein Jour\",\"url\":\"https:\\\/\\\/plein-jour.eu\\\/wordpress\\\/author\\\/admin_pleinjour_eu\\\/\"}]}<\/script>\n<!-- \/ Yoast SEO plugin. -->","yoast_head_json":{"title":"M\u00e9dia - Communication - PLEIN JOUR - Libres d&#039;aimer","robots":{"index":"index","follow":"follow","max-snippet":"max-snippet:-1","max-image-preview":"max-image-preview:large","max-video-preview":"max-video-preview:-1"},"canonical":"https:\/\/plein-jour.eu\/wordpress\/media-communication\/","og_locale":"fr_FR","og_type":"article","og_title":"M\u00e9dia - Communication - PLEIN JOUR - Libres d&#039;aimer","og_description":"Quelques nouvelles sur des \u00e9missions pass\u00e9es o\u00f9 nous sommes intervenues. &hellip;","og_url":"https:\/\/plein-jour.eu\/wordpress\/media-communication\/","og_site_name":"PLEIN JOUR - Libres d&#039;aimer","article_published_time":"2013-10-11T15:27:43+00:00","article_modified_time":"2026-02-16T13:12:17+00:00","author":"Plein Jour","twitter_card":"summary_large_image","twitter_misc":{"\u00c9crit par":"Plein Jour","Dur\u00e9e de lecture estim\u00e9e":"1 minute"},"schema":{"@context":"https:\/\/schema.org","@graph":[{"@type":"Article","@id":"https:\/\/plein-jour.eu\/wordpress\/media-communication\/#article","isPartOf":{"@id":"https:\/\/plein-jour.eu\/wordpress\/media-communication\/"},"author":{"name":"Plein Jour","@id":"https:\/\/plein-jour.eu\/wordpress\/#\/schema\/person\/08786bf6936190834e41dbb642a8ec2d"},"headline":"M\u00e9dia &#8211; Communication","datePublished":"2013-10-11T15:27:43+00:00","dateModified":"2026-02-16T13:12:17+00:00","mainEntityOfPage":{"@id":"https:\/\/plein-jour.eu\/wordpress\/media-communication\/"},"wordCount":266,"publisher":{"@id":"https:\/\/plein-jour.eu\/wordpress\/#organization"},"articleSection":["T\u00e9moignages"],"inLanguage":"fr-FR"},{"@type":"WebPage","@id":"https:\/\/plein-jour.eu\/wordpress\/media-communication\/","url":"https:\/\/plein-jour.eu\/wordpress\/media-communication\/","name":"M\u00e9dia - Communication - PLEIN JOUR - Libres d&#039;aimer","isPartOf":{"@id":"https:\/\/plein-jour.eu\/wordpress\/#website"},"datePublished":"2013-10-11T15:27:43+00:00","dateModified":"2026-02-16T13:12:17+00:00","breadcrumb":{"@id":"https:\/\/plein-jour.eu\/wordpress\/media-communication\/#breadcrumb"},"inLanguage":"fr-FR","potentialAction":[{"@type":"ReadAction","target":["https:\/\/plein-jour.eu\/wordpress\/media-communication\/"]}]},{"@type":"BreadcrumbList","@id":"https:\/\/plein-jour.eu\/wordpress\/media-communication\/#breadcrumb","itemListElement":[{"@type":"ListItem","position":1,"name":"Accueil","item":"https:\/\/plein-jour.eu\/wordpress\/"},{"@type":"ListItem","position":2,"name":"M\u00e9dia &#8211; Communication"}]},{"@type":"WebSite","@id":"https:\/\/plein-jour.eu\/wordpress\/#website","url":"https:\/\/plein-jour.eu\/wordpress\/","name":"Association Plein Jour","description":"Association de soutien pour les compagnes de Pr\u00eatres - A votre \u00e9coute au 06 84 59 06 01","publisher":{"@id":"https:\/\/plein-jour.eu\/wordpress\/#organization"},"potentialAction":[{"@type":"SearchAction","target":{"@type":"EntryPoint","urlTemplate":"https:\/\/plein-jour.eu\/wordpress\/?s={search_term_string}"},"query-input":{"@type":"PropertyValueSpecification","valueRequired":true,"valueName":"search_term_string"}}],"inLanguage":"fr-FR"},{"@type":"Organization","@id":"https:\/\/plein-jour.eu\/wordpress\/#organization","name":"Plein Jour","url":"https:\/\/plein-jour.eu\/wordpress\/","logo":{"@type":"ImageObject","inLanguage":"fr-FR","@id":"https:\/\/plein-jour.eu\/wordpress\/#\/schema\/logo\/image\/","url":"https:\/\/plein-jour.eu\/wordpress\/wp-content\/uploads\/2020\/10\/Logo-coq-Plein-Jour-e1603696172827.png","contentUrl":"https:\/\/plein-jour.eu\/wordpress\/wp-content\/uploads\/2020\/10\/Logo-coq-Plein-Jour-e1603696172827.png","width":500,"height":374,"caption":"Plein Jour"},"image":{"@id":"https:\/\/plein-jour.eu\/wordpress\/#\/schema\/logo\/image\/"}},{"@type":"Person","@id":"https:\/\/plein-jour.eu\/wordpress\/#\/schema\/person\/08786bf6936190834e41dbb642a8ec2d","name":"Plein Jour","url":"https:\/\/plein-jour.eu\/wordpress\/author\/admin_pleinjour_eu\/"}]}},"jetpack_featured_media_url":"","jetpack_sharing_enabled":true,"_links":{"self":[{"href":"https:\/\/plein-jour.eu\/wordpress\/wp-json\/wp\/v2\/posts\/491","targetHints":{"allow":["GET"]}}],"collection":[{"href":"https:\/\/plein-jour.eu\/wordpress\/wp-json\/wp\/v2\/posts"}],"about":[{"href":"https:\/\/plein-jour.eu\/wordpress\/wp-json\/wp\/v2\/types\/post"}],"author":[{"embeddable":true,"href":"https:\/\/plein-jour.eu\/wordpress\/wp-json\/wp\/v2\/users\/1"}],"replies":[{"embeddable":true,"href":"https:\/\/plein-jour.eu\/wordpress\/wp-json\/wp\/v2\/comments?post=491"}],"version-history":[{"count":0,"href":"https:\/\/plein-jour.eu\/wordpress\/wp-json\/wp\/v2\/posts\/491\/revisions"}],"wp:attachment":[{"href":"https:\/\/plein-jour.eu\/wordpress\/wp-json\/wp\/v2\/media?parent=491"}],"wp:term":[{"taxonomy":"category","embeddable":true,"href":"https:\/\/plein-jour.eu\/wordpress\/wp-json\/wp\/v2\/categories?post=491"},{"taxonomy":"post_tag","embeddable":true,"href":"https:\/\/plein-jour.eu\/wordpress\/wp-json\/wp\/v2\/tags?post=491"}],"curies":[{"name":"wp","href":"https:\/\/api.w.org\/{rel}","templated":true}]}}