{"id":976,"date":"2019-10-08T14:04:29","date_gmt":"2019-10-08T13:04:29","guid":{"rendered":"https:\/\/plein-jour.eu\/wordpress\/?p=976"},"modified":"2019-10-08T14:04:29","modified_gmt":"2019-10-08T13:04:29","slug":"amazonie-ordination-dhommes-anciens-maries","status":"publish","type":"post","link":"https:\/\/plein-jour.eu\/wordpress\/amazonie-ordination-dhommes-anciens-maries\/","title":{"rendered":"Amazonie&nbsp;: Ordination d&rsquo;hommes \u00ab\u00a0anciens\u00a0\u00bb mari\u00e9s&nbsp;?"},"content":{"rendered":"<p><strong>Vatican&nbsp;: vers la fin du c\u00e9libat des pr\u00eatres en Amazonie&nbsp;?<\/strong><br \/>\nPubli\u00e9 le 07\/10\/2019 par RTL<\/p>\n<p>Le Pape est-il vraiment pr\u00eat \u00e0 ordonner des hommes mari\u00e9s&nbsp;? La question se pose. Faute de pr\u00eatres en nombre suffisant dans les zones les plus recul\u00e9es de l&rsquo;Amazonie, les populations sont priv\u00e9es des sacrements qui constituent la vie d&rsquo;un catholique pratiquant.<\/p>\n<p>L&rsquo;Eucharistie, la confession, l&rsquo;onction des malades, une ou deux messes par an, c&rsquo;est bien tout alors que l&rsquo;\u00c9glise recommande de participer chaque semaine \u00e0 la messe dominicale. C&rsquo;est pour cette raison que le document de travail du synode pose la question de l\u2019ordination de personnes a\u00een\u00e9es (\u00ab\u00a0personas ancianas\u00a0\u00bb), d&rsquo;\u00e2ge m\u00fbr donc, \u00e0 la situation familiale stable et d\u00e9j\u00e0 tr\u00e8s engag\u00e9es dans la vie pastorale autochtone.<\/p>\n<p>Mais le document dit aussi&nbsp;: \u00ab\u00a0Tout en affirmant que le c\u00e9libat est un don pour l\u2019\u00c9glise\u00a0\u00bb, et \u00e7a, le Pape l&rsquo;a plusieurs fois r\u00e9p\u00e9t\u00e9.\u00a0On est donc encore loin de la fin du c\u00e9libat des pr\u00eatres.<\/p>\n<p><strong>Un c\u00e9libat optionnel<\/strong><\/p>\n<p>En effet, il s&rsquo;agit l\u00e0 seulement\u00a0de rendre optionnel le c\u00e9libat\u00a0dans des circonstances bien pr\u00e9cises, sur des territoires bien pr\u00e9cis, pour quelques sacrements seulement. La r\u00e8gle, par ailleurs, reste d&rsquo;ordonner des pr\u00eatres c\u00e9libataires, sans possibilit\u00e9 de se marier ensuite.<br \/>\nNdlr. La mesure n&rsquo;a pas encore \u00e9t\u00e9 d\u00e9cid\u00e9e mais d\u00e9j\u00e0 les Media s&#8217;emparent de l&rsquo;hypoth\u00e8se.<br \/>\nOn remarquera deux choses&nbsp;: d&rsquo;une part l&rsquo;opposition de ce tous ceux qui sont, comme dit Fran\u00e7ois,\u00a0\u00bbpour l\u2019immobilisme\u00a0\u00bb.<br \/>\nLes conservateurs, l&rsquo;\u00e9glise les a toujours cultiv\u00e9s avec soin&nbsp;!<\/p>\n<p>D&rsquo;autre part, rien ne perce encore pour les femmes. Ce sont les grandes oubli\u00e9es de l&rsquo;\u00e9glise mais sans elles, cette \u00e9glise (ECR) se serait d\u00e9j\u00e0 compl\u00e8tement\u00a0effondr\u00e9e&nbsp;!!<\/p>\n<p>&nbsp;<\/p>","protected":false},"excerpt":{"rendered":"<p>Vatican&nbsp;: vers la fin du c\u00e9libat des pr\u00eatres en Amazonie&nbsp;? &hellip; <\/p>","protected":false},"author":1,"featured_media":0,"comment_status":"closed","ping_status":"closed","sticky":false,"template":"","format":"standard","meta":{"_jetpack_memberships_contains_paid_content":false,"footnotes":""},"categories":[64],"tags":[],"class_list":["post-976","post","type-post","status-publish","format-standard","hentry","category-eglises"],"yoast_head":"<!-- This site is optimized with the Yoast SEO plugin v27.5 - https:\/\/yoast.com\/product\/yoast-seo-wordpress\/ -->\n<title>Amazonie : Ordination d&#039;hommes &quot;anciens&quot; mari\u00e9s ? - PLEIN JOUR - Libres d&#039;aimer<\/title>\n<meta name=\"robots\" content=\"index, follow, max-snippet:-1, max-image-preview:large, max-video-preview:-1\" \/>\n<link rel=\"canonical\" href=\"https:\/\/plein-jour.eu\/wordpress\/amazonie-ordination-dhommes-anciens-maries\/\" \/>\n<meta property=\"og:locale\" content=\"fr_FR\" \/>\n<meta property=\"og:type\" content=\"article\" \/>\n<meta property=\"og:title\" content=\"Amazonie : Ordination d&#039;hommes &quot;anciens&quot; mari\u00e9s ? - PLEIN JOUR - Libres d&#039;aimer\" \/>\n<meta property=\"og:description\" content=\"Vatican&nbsp;: vers la fin du c\u00e9libat des pr\u00eatres en Amazonie&nbsp;? &hellip;\" \/>\n<meta property=\"og:url\" content=\"https:\/\/plein-jour.eu\/wordpress\/amazonie-ordination-dhommes-anciens-maries\/\" \/>\n<meta property=\"og:site_name\" content=\"PLEIN JOUR - Libres d&#039;aimer\" \/>\n<meta property=\"article:published_time\" content=\"2019-10-08T13:04:29+00:00\" \/>\n<meta name=\"author\" content=\"Plein Jour\" \/>\n<meta name=\"twitter:card\" content=\"summary_large_image\" \/>\n<meta name=\"twitter:label1\" content=\"\u00c9crit par\" \/>\n\t<meta name=\"twitter:data1\" content=\"Plein Jour\" \/>\n\t<meta name=\"twitter:label2\" content=\"Dur\u00e9e de lecture estim\u00e9e\" \/>\n\t<meta name=\"twitter:data2\" content=\"2 minutes\" \/>\n<script type=\"application\/ld+json\" class=\"yoast-schema-graph\">{\"@context\":\"https:\\\/\\\/schema.org\",\"@graph\":[{\"@type\":\"Article\",\"@id\":\"https:\\\/\\\/plein-jour.eu\\\/wordpress\\\/amazonie-ordination-dhommes-anciens-maries\\\/#article\",\"isPartOf\":{\"@id\":\"https:\\\/\\\/plein-jour.eu\\\/wordpress\\\/amazonie-ordination-dhommes-anciens-maries\\\/\"},\"author\":{\"name\":\"Plein Jour\",\"@id\":\"https:\\\/\\\/plein-jour.eu\\\/wordpress\\\/#\\\/schema\\\/person\\\/08786bf6936190834e41dbb642a8ec2d\"},\"headline\":\"Amazonie&nbsp;: Ordination d&rsquo;hommes \u00ab\u00a0anciens\u00a0\u00bb mari\u00e9s&nbsp;?\",\"datePublished\":\"2019-10-08T13:04:29+00:00\",\"mainEntityOfPage\":{\"@id\":\"https:\\\/\\\/plein-jour.eu\\\/wordpress\\\/amazonie-ordination-dhommes-anciens-maries\\\/\"},\"wordCount\":330,\"publisher\":{\"@id\":\"https:\\\/\\\/plein-jour.eu\\\/wordpress\\\/#organization\"},\"articleSection\":[\"Eglises\"],\"inLanguage\":\"fr-FR\"},{\"@type\":\"WebPage\",\"@id\":\"https:\\\/\\\/plein-jour.eu\\\/wordpress\\\/amazonie-ordination-dhommes-anciens-maries\\\/\",\"url\":\"https:\\\/\\\/plein-jour.eu\\\/wordpress\\\/amazonie-ordination-dhommes-anciens-maries\\\/\",\"name\":\"Amazonie : Ordination d'hommes \\\"anciens\\\" mari\u00e9s ? - PLEIN JOUR - Libres d&#039;aimer\",\"isPartOf\":{\"@id\":\"https:\\\/\\\/plein-jour.eu\\\/wordpress\\\/#website\"},\"datePublished\":\"2019-10-08T13:04:29+00:00\",\"breadcrumb\":{\"@id\":\"https:\\\/\\\/plein-jour.eu\\\/wordpress\\\/amazonie-ordination-dhommes-anciens-maries\\\/#breadcrumb\"},\"inLanguage\":\"fr-FR\",\"potentialAction\":[{\"@type\":\"ReadAction\",\"target\":[\"https:\\\/\\\/plein-jour.eu\\\/wordpress\\\/amazonie-ordination-dhommes-anciens-maries\\\/\"]}]},{\"@type\":\"BreadcrumbList\",\"@id\":\"https:\\\/\\\/plein-jour.eu\\\/wordpress\\\/amazonie-ordination-dhommes-anciens-maries\\\/#breadcrumb\",\"itemListElement\":[{\"@type\":\"ListItem\",\"position\":1,\"name\":\"Accueil\",\"item\":\"https:\\\/\\\/plein-jour.eu\\\/wordpress\\\/\"},{\"@type\":\"ListItem\",\"position\":2,\"name\":\"Amazonie&nbsp;: Ordination d&rsquo;hommes \u00ab\u00a0anciens\u00a0\u00bb mari\u00e9s&nbsp;?\"}]},{\"@type\":\"WebSite\",\"@id\":\"https:\\\/\\\/plein-jour.eu\\\/wordpress\\\/#website\",\"url\":\"https:\\\/\\\/plein-jour.eu\\\/wordpress\\\/\",\"name\":\"Association Plein Jour\",\"description\":\"Association de soutien pour les compagnes de Pr\u00eatres - A votre \u00e9coute au 06 84 59 06 01\",\"publisher\":{\"@id\":\"https:\\\/\\\/plein-jour.eu\\\/wordpress\\\/#organization\"},\"potentialAction\":[{\"@type\":\"SearchAction\",\"target\":{\"@type\":\"EntryPoint\",\"urlTemplate\":\"https:\\\/\\\/plein-jour.eu\\\/wordpress\\\/?s={search_term_string}\"},\"query-input\":{\"@type\":\"PropertyValueSpecification\",\"valueRequired\":true,\"valueName\":\"search_term_string\"}}],\"inLanguage\":\"fr-FR\"},{\"@type\":\"Organization\",\"@id\":\"https:\\\/\\\/plein-jour.eu\\\/wordpress\\\/#organization\",\"name\":\"Plein Jour\",\"url\":\"https:\\\/\\\/plein-jour.eu\\\/wordpress\\\/\",\"logo\":{\"@type\":\"ImageObject\",\"inLanguage\":\"fr-FR\",\"@id\":\"https:\\\/\\\/plein-jour.eu\\\/wordpress\\\/#\\\/schema\\\/logo\\\/image\\\/\",\"url\":\"https:\\\/\\\/plein-jour.eu\\\/wordpress\\\/wp-content\\\/uploads\\\/2020\\\/10\\\/Logo-coq-Plein-Jour-e1603696172827.png\",\"contentUrl\":\"https:\\\/\\\/plein-jour.eu\\\/wordpress\\\/wp-content\\\/uploads\\\/2020\\\/10\\\/Logo-coq-Plein-Jour-e1603696172827.png\",\"width\":500,\"height\":374,\"caption\":\"Plein Jour\"},\"image\":{\"@id\":\"https:\\\/\\\/plein-jour.eu\\\/wordpress\\\/#\\\/schema\\\/logo\\\/image\\\/\"}},{\"@type\":\"Person\",\"@id\":\"https:\\\/\\\/plein-jour.eu\\\/wordpress\\\/#\\\/schema\\\/person\\\/08786bf6936190834e41dbb642a8ec2d\",\"name\":\"Plein Jour\",\"url\":\"https:\\\/\\\/plein-jour.eu\\\/wordpress\\\/author\\\/admin_pleinjour_eu\\\/\"}]}<\/script>\n<!-- \/ Yoast SEO plugin. -->","yoast_head_json":{"title":"Amazonie : Ordination d'hommes \"anciens\" mari\u00e9s ? - PLEIN JOUR - Libres d&#039;aimer","robots":{"index":"index","follow":"follow","max-snippet":"max-snippet:-1","max-image-preview":"max-image-preview:large","max-video-preview":"max-video-preview:-1"},"canonical":"https:\/\/plein-jour.eu\/wordpress\/amazonie-ordination-dhommes-anciens-maries\/","og_locale":"fr_FR","og_type":"article","og_title":"Amazonie : Ordination d'hommes \"anciens\" mari\u00e9s ? - PLEIN JOUR - Libres d&#039;aimer","og_description":"Vatican&nbsp;: vers la fin du c\u00e9libat des pr\u00eatres en Amazonie&nbsp;? &hellip;","og_url":"https:\/\/plein-jour.eu\/wordpress\/amazonie-ordination-dhommes-anciens-maries\/","og_site_name":"PLEIN JOUR - Libres d&#039;aimer","article_published_time":"2019-10-08T13:04:29+00:00","author":"Plein Jour","twitter_card":"summary_large_image","twitter_misc":{"\u00c9crit par":"Plein Jour","Dur\u00e9e de lecture estim\u00e9e":"2 minutes"},"schema":{"@context":"https:\/\/schema.org","@graph":[{"@type":"Article","@id":"https:\/\/plein-jour.eu\/wordpress\/amazonie-ordination-dhommes-anciens-maries\/#article","isPartOf":{"@id":"https:\/\/plein-jour.eu\/wordpress\/amazonie-ordination-dhommes-anciens-maries\/"},"author":{"name":"Plein Jour","@id":"https:\/\/plein-jour.eu\/wordpress\/#\/schema\/person\/08786bf6936190834e41dbb642a8ec2d"},"headline":"Amazonie&nbsp;: Ordination d&rsquo;hommes \u00ab\u00a0anciens\u00a0\u00bb mari\u00e9s&nbsp;?","datePublished":"2019-10-08T13:04:29+00:00","mainEntityOfPage":{"@id":"https:\/\/plein-jour.eu\/wordpress\/amazonie-ordination-dhommes-anciens-maries\/"},"wordCount":330,"publisher":{"@id":"https:\/\/plein-jour.eu\/wordpress\/#organization"},"articleSection":["Eglises"],"inLanguage":"fr-FR"},{"@type":"WebPage","@id":"https:\/\/plein-jour.eu\/wordpress\/amazonie-ordination-dhommes-anciens-maries\/","url":"https:\/\/plein-jour.eu\/wordpress\/amazonie-ordination-dhommes-anciens-maries\/","name":"Amazonie : Ordination d'hommes \"anciens\" mari\u00e9s ? - PLEIN JOUR - Libres d&#039;aimer","isPartOf":{"@id":"https:\/\/plein-jour.eu\/wordpress\/#website"},"datePublished":"2019-10-08T13:04:29+00:00","breadcrumb":{"@id":"https:\/\/plein-jour.eu\/wordpress\/amazonie-ordination-dhommes-anciens-maries\/#breadcrumb"},"inLanguage":"fr-FR","potentialAction":[{"@type":"ReadAction","target":["https:\/\/plein-jour.eu\/wordpress\/amazonie-ordination-dhommes-anciens-maries\/"]}]},{"@type":"BreadcrumbList","@id":"https:\/\/plein-jour.eu\/wordpress\/amazonie-ordination-dhommes-anciens-maries\/#breadcrumb","itemListElement":[{"@type":"ListItem","position":1,"name":"Accueil","item":"https:\/\/plein-jour.eu\/wordpress\/"},{"@type":"ListItem","position":2,"name":"Amazonie&nbsp;: Ordination d&rsquo;hommes \u00ab\u00a0anciens\u00a0\u00bb mari\u00e9s&nbsp;?"}]},{"@type":"WebSite","@id":"https:\/\/plein-jour.eu\/wordpress\/#website","url":"https:\/\/plein-jour.eu\/wordpress\/","name":"Association Plein Jour","description":"Association de soutien pour les compagnes de Pr\u00eatres - A votre \u00e9coute au 06 84 59 06 01","publisher":{"@id":"https:\/\/plein-jour.eu\/wordpress\/#organization"},"potentialAction":[{"@type":"SearchAction","target":{"@type":"EntryPoint","urlTemplate":"https:\/\/plein-jour.eu\/wordpress\/?s={search_term_string}"},"query-input":{"@type":"PropertyValueSpecification","valueRequired":true,"valueName":"search_term_string"}}],"inLanguage":"fr-FR"},{"@type":"Organization","@id":"https:\/\/plein-jour.eu\/wordpress\/#organization","name":"Plein Jour","url":"https:\/\/plein-jour.eu\/wordpress\/","logo":{"@type":"ImageObject","inLanguage":"fr-FR","@id":"https:\/\/plein-jour.eu\/wordpress\/#\/schema\/logo\/image\/","url":"https:\/\/plein-jour.eu\/wordpress\/wp-content\/uploads\/2020\/10\/Logo-coq-Plein-Jour-e1603696172827.png","contentUrl":"https:\/\/plein-jour.eu\/wordpress\/wp-content\/uploads\/2020\/10\/Logo-coq-Plein-Jour-e1603696172827.png","width":500,"height":374,"caption":"Plein Jour"},"image":{"@id":"https:\/\/plein-jour.eu\/wordpress\/#\/schema\/logo\/image\/"}},{"@type":"Person","@id":"https:\/\/plein-jour.eu\/wordpress\/#\/schema\/person\/08786bf6936190834e41dbb642a8ec2d","name":"Plein Jour","url":"https:\/\/plein-jour.eu\/wordpress\/author\/admin_pleinjour_eu\/"}]}},"jetpack_featured_media_url":"","jetpack_sharing_enabled":true,"_links":{"self":[{"href":"https:\/\/plein-jour.eu\/wordpress\/wp-json\/wp\/v2\/posts\/976","targetHints":{"allow":["GET"]}}],"collection":[{"href":"https:\/\/plein-jour.eu\/wordpress\/wp-json\/wp\/v2\/posts"}],"about":[{"href":"https:\/\/plein-jour.eu\/wordpress\/wp-json\/wp\/v2\/types\/post"}],"author":[{"embeddable":true,"href":"https:\/\/plein-jour.eu\/wordpress\/wp-json\/wp\/v2\/users\/1"}],"replies":[{"embeddable":true,"href":"https:\/\/plein-jour.eu\/wordpress\/wp-json\/wp\/v2\/comments?post=976"}],"version-history":[{"count":0,"href":"https:\/\/plein-jour.eu\/wordpress\/wp-json\/wp\/v2\/posts\/976\/revisions"}],"wp:attachment":[{"href":"https:\/\/plein-jour.eu\/wordpress\/wp-json\/wp\/v2\/media?parent=976"}],"wp:term":[{"taxonomy":"category","embeddable":true,"href":"https:\/\/plein-jour.eu\/wordpress\/wp-json\/wp\/v2\/categories?post=976"},{"taxonomy":"post_tag","embeddable":true,"href":"https:\/\/plein-jour.eu\/wordpress\/wp-json\/wp\/v2\/tags?post=976"}],"curies":[{"name":"wp","href":"https:\/\/api.w.org\/{rel}","templated":true}]}}